{"id":82897,"date":"2026-09-04T03:30:00","date_gmt":"2026-09-04T08:30:00","guid":{"rendered":"https:\/\/chicagodesavanja.us\/?p=82897"},"modified":"2026-09-03T20:04:37","modified_gmt":"2026-09-04T01:04:37","slug":"cikago-u-problemu-budzetski-deficit-od-882-miliona","status":"publish","type":"post","link":"https:\/\/chicagodesavanja.us\/en\/vesti\/cikago-u-problemu-budzetski-deficit-od-882-miliona\/","title":{"rendered":"\u010cikago u problemu: Bud\u017eetski deficit od $882 miliona"},"content":{"rendered":"<p class=\"wp-block-paragraph\">Gradska uprava \u010cikaga suo\u010dava se sa deficitom od $882,4 miliona u korporativnom fondu za 2027. godinu. <\/p>\n\n\n\n<p class=\"wp-block-paragraph\">Gradona\u010delnik Brandon Johnson predstavio je ove projekcije u \u010detvrtak 3. septembra, najavljuju\u0107i proces koji zahteva dono\u0161enje kona\u010dnog bud\u017eeta do 31. decembra.<\/p>\n\n\n\n<h2 class=\"wp-block-heading\">Razlozi za finansijski manjak<\/h2>\n\n\n\n<p class=\"wp-block-paragraph\">Iako je trenutna procena manja od ranijih predvi\u0111anja koja su iznosila vi\u0161e od $1,1 milijardu, gradska kasa se suo\u010dava sa smanjenjem prihoda od \u0161est procenata. Jonathan Ernst, vr\u0161ilac du\u017enosti direktora bud\u017eeta, istakao je da su rashodi u porastu za vi\u0161e od $500 miliona. Pove\u0107anje tro\u0161kova direktna je posledica obaveza prema penzijskim fondovima, isplata po osnovu sudskih presuda za policijske prekr\u0161aje, kao i uskla\u0111ivanja tro\u0161kova \u017eivota za gradske slu\u017ebenike. <\/p>\n\n\n\n<p class=\"wp-block-paragraph\">Johnson je naglasio da \u0107e se i dalje zalagati za \u201eprogresivne\u201c mere prikupljanja prihoda, odbijaju\u0107i da detaljno iznese plan za zatvaranje jaza. \u201eI\u2019ve kept my commitment to challenging corporations and those with means to put more skin in the game\u201c, rekao je Johnson.<\/p>\n\n\n\n<h2 class=\"wp-block-heading\">Napetost u gradskoj upravi<\/h2>\n\n\n\n<p class=\"wp-block-paragraph\">Finansijski izazovi dodatno komplikuju odnose izme\u0111u gradona\u010delnika i dela gradskih odbornika. Scott Waguespack, jedan od odbornika, izrazio je nezadovoljstvo trenutnom situacijom, kritikuju\u0107i rukovodstvo grada. \u201eOur city clearly has a deficit of leadership on the 5th floor that we will have to fix again\u201c, rekao je Waguespack.<\/p>\n\n\n\n<p class=\"wp-block-paragraph\">Dok pripremaju bud\u017eet za 2027, gradski \u010delnici poku\u0161avaju da saniraju i zaostali manjak od $85 miliona iz 2026. godine. Grad planira da refinansira postoje\u0107e obveznice kako bi ostvario u\u0161tede, uz oslanjanje na preostala sredstva iz saveznih fondova za oporavak od pandemije.<\/p>\n\n\n\n<p class=\"wp-block-paragraph\" style=\"font-size:7px\">SOURCE: <a href=\"https:\/\/blockclubchicago.org\/2026\/09\/03\/chicago-facing-882-million-deficit-in-2027-mayor-says\/\" data-type=\"link\" data-id=\"https:\/\/blockclubchicago.org\/2026\/09\/03\/chicago-facing-882-million-deficit-in-2027-mayor-says\/\" target=\"_blank\" rel=\"noreferrer noopener\">BLOCKCLUBCHICAGO.ORG<\/a>, FOTO: UNSPLASH<\/p>","protected":false},"excerpt":{"rendered":"<p>Gradska uprava \u010cikaga suo\u010dava se sa deficitom od $882,4 miliona u korporativnom fondu za 2027. godinu. Gradona\u010delnik Brandon Johnson predstavio je ove projekcije u \u010detvrtak 3. septembra, najavljuju\u0107i proces koji zahteva dono\u0161enje kona\u010dnog bud\u017eeta do 31. decembra. Razlozi za finansijski manjak Iako je trenutna procena manja od ranijih predvi\u0111anja koja su iznosila vi\u0161e od $1,1 [&hellip;]<\/p>\n","protected":false},"author":5114,"featured_media":13604,"comment_status":"closed","ping_status":"closed","sticky":false,"template":"","format":"standard","meta":{"wpai_generated_summary":"","footnotes":""},"categories":[368,653,369],"tags":[763,966,370,809,26660,568],"class_list":["post-82897","post","type-post","status-publish","format-standard","has-post-thumbnail","hentry","category-vesti-amerika","category-cikago","category-vesti","tag-brandon-johnson","tag-budzet","tag-cikago","tag-finansije","tag-lokalna-samouprava","tag-sad"],"_links":{"self":[{"href":"https:\/\/chicagodesavanja.us\/en\/wp-json\/wp\/v2\/posts\/82897","targetHints":{"allow":["GET"]}}],"collection":[{"href":"https:\/\/chicagodesavanja.us\/en\/wp-json\/wp\/v2\/posts"}],"about":[{"href":"https:\/\/chicagodesavanja.us\/en\/wp-json\/wp\/v2\/types\/post"}],"author":[{"embeddable":true,"href":"https:\/\/chicagodesavanja.us\/en\/wp-json\/wp\/v2\/users\/5114"}],"replies":[{"embeddable":true,"href":"https:\/\/chicagodesavanja.us\/en\/wp-json\/wp\/v2\/comments?post=82897"}],"version-history":[{"count":1,"href":"https:\/\/chicagodesavanja.us\/en\/wp-json\/wp\/v2\/posts\/82897\/revisions"}],"predecessor-version":[{"id":82898,"href":"https:\/\/chicagodesavanja.us\/en\/wp-json\/wp\/v2\/posts\/82897\/revisions\/82898"}],"wp:featuredmedia":[{"embeddable":true,"href":"https:\/\/chicagodesavanja.us\/en\/wp-json\/wp\/v2\/media\/13604"}],"wp:attachment":[{"href":"https:\/\/chicagodesavanja.us\/en\/wp-json\/wp\/v2\/media?parent=82897"}],"wp:term":[{"taxonomy":"category","embeddable":true,"href":"https:\/\/chicagodesavanja.us\/en\/wp-json\/wp\/v2\/categories?post=82897"},{"taxonomy":"post_tag","embeddable":true,"href":"https:\/\/chicagodesavanja.us\/en\/wp-json\/wp\/v2\/tags?post=82897"}],"curies":[{"name":"WP","href":"https:\/\/api.w.org\/{rel}","templated":true}]}}