{"id":82794,"date":"2026-09-04T04:52:54","date_gmt":"2026-09-04T09:52:54","guid":{"rendered":"https:\/\/chicagodesavanja.us\/?p=82794"},"modified":"2026-09-04T03:18:18","modified_gmt":"2026-09-04T08:18:18","slug":"dzek-dimic-holivud-cikago-srbija-glumac-intervju","status":"publish","type":"post","link":"https:\/\/chicagodesavanja.us\/en\/vesti\/dzek-dimic-holivud-cikago-srbija-glumac-intervju\/","title":{"rendered":"Od \u017deljka do D\u017eeka Dimi\u0107a: \u201e\u010cikago je moj ameri\u010dki Ni\u0161, tamo sam ostavio deo svoje du\u0161e\u201c"},"content":{"rendered":"<p class=\"wp-block-paragraph\"><em><strong>Od Bosanske Dubice do Holivuda: Kako je \u017deljko postao D\u017eek i za\u0161to se u \u010cikagu ose\u0107a kao kod ku\u0107e\u201c<\/strong><\/em><\/p>\n\n\n\n<p class=\"wp-block-paragraph\"><strong>Glumac balkanskog porekla D\u017eek Dimi\u0107 ove godine ponovo sti\u017ee u \u010cikago, grad koji, kako ka\u017ee, do\u017eivljava kao svoj \u201eameri\u010dki Ni\u0161\u201c. <\/strong><\/p>\n\n\n\n<p class=\"wp-block-paragraph\"><strong>Od Bosanske Dubice, preko Beograda, Praga i \u0160vedske, stigao je do Njujorka, Instituta Li Strazberg i vi\u0161e od 80 uloga u filmu, televiziji i pozori\u0161tu. Igrao je u \u201eSopranovima\u201c, \u201eHawaii Five-0\u201c, \u201eThe Blacklist\u201c, \u201eLaw &amp; Order\u201c, tuma\u010dio Nikolu Teslu, radio sa velikim holivudskim imenima, ali nikada nije promenio svoje pravo ime \u2013 \u017deljko Dimi\u0107.<\/strong><\/p>\n\n\n\n<p class=\"wp-block-paragraph\">Postoje gradovi u kojima \u010dovek gostuje i gradovi u kojima se ose\u0107a kao da se vratio ku\u0107i. Za D\u017eeka Dimi\u0107a, \u010cikago je upravo takav grad.<\/p>\n\n\n\n<p class=\"wp-block-paragraph\">Glumac koji je karijeru izgradio u Americi, a korene nikada nije ostavio iza sebe, i ove godine bi\u0107e deo festivalskih de\u0161avanja u \u010cikagu. Za njega to nije samo jo\u0161 jedno gostovanje. \u010cikago je, ka\u017ee, posebno mesto.<\/p>\n\n\n\n<p class=\"wp-block-paragraph\"><strong>\u201e\u010cikago je, ja ga zovem, ameri\u010dki Ni\u0161.\u201c<\/strong><\/p>\n\n\n\n<p class=\"wp-block-paragraph\">I nije to samo slikovito pore\u0111enje. Dimi\u0107 ka\u017ee da je prvi put, kada je stigao u \u010cikago, shvatio da pri\u010de koje je ranije slu\u0161ao o sna\u017enoj balkanskoj zajednici nisu bile preterivanje.<\/p>\n\n\n\n<p class=\"wp-block-paragraph\"><strong>\u201eVi odete u \u010cikago, gostujete kao ameri\u010dki glumac na\u0161eg porekla, a tamo kafane na \u0107irilici i prodavnice\u2026 Ja sam slu\u0161ao pri\u010de ranije, pre prvog dolaska u \u010cikago, i mislio: \u2018Ajde, to su na\u0161i ljudi, pa vole da hvale.\u2019 Ne. Ja sam to do\u017eiveo.\u201c<\/strong><\/p>\n\n\n\n<p class=\"wp-block-paragraph\">Zato mu se svaki povratak u \u010cikago pretvara u svojevrsni povratak ku\u0107i.<\/p>\n\n\n\n<p class=\"wp-block-paragraph\"><strong>\u201eKad sam god gostovao u \u010cikagu, ose\u0107ao sam se kao da sam do\u0161ao u neki Ni\u0161, u neki Beograd, u neki Kragujevac, u Valjevo.\u201c<\/strong><\/p>\n\n\n\n<p class=\"wp-block-paragraph\">Posebno mesto u toj pri\u010di ima Slavica Petrovi\u0107, Ni\u0161lijka koja \u017eivi u \u010cikagu i koja ga je vi\u0161e puta ugostila sa njegovim predstavama.<\/p>\n\n\n\n<p class=\"wp-block-paragraph\"><strong>\u201eSlavica Petrovi\u0107 do\u0161la da me pozdravi, va\u0161a divna Ni\u0161lijka iz \u010cikaga, koja me je ugostila \u010detiri-pet puta s monodramom i dva puta sa \u2018Emigrantima\u2019, predstavom Slawomira Mro\u017eeka, koju smo kolega \u017darko Lau\u0161evi\u0107 i ja radili tamo.\u201c<\/strong><\/p>\n\n\n\n<p class=\"wp-block-paragraph\">Zato Dimi\u0107 nema dilemu kada govori o novom dolasku.<\/p>\n\n\n\n<p class=\"wp-block-paragraph\"><strong>\u201eJa sam tamo redovan gost. \u010cikago je moj prozor, moju du\u0161u, koju sam ostavio, mislim, zemlju ovde, samo malo bli\u017ee. Preletim nekih dva sata i 45 minuta do \u010cikaga iz Njujorka. Tako da, da vam odgovorim \u2013 da, bi\u0107u tamo. I ako ste vi tamo, dru\u017eimo se, vidimo se na festivalu.\u201c<\/strong><\/p>\n\n\n\n<figure class=\"wp-block-image size-full\"><img loading=\"lazy\" decoding=\"async\" width=\"1000\" height=\"710\" src=\"https:\/\/chicagodesavanja.us\/wp-content\/uploads\/2026\/09\/Predstavljamo-Dzek-Dimic-1.png\" alt=\"\" class=\"wp-image-82797\" srcset=\"https:\/\/chicagodesavanja.us\/wp-content\/uploads\/2026\/09\/Predstavljamo-Dzek-Dimic-1.png 1000w, https:\/\/chicagodesavanja.us\/wp-content\/uploads\/2026\/09\/Predstavljamo-Dzek-Dimic-1-300x213.png 300w, https:\/\/chicagodesavanja.us\/wp-content\/uploads\/2026\/09\/Predstavljamo-Dzek-Dimic-1-768x545.png 768w, https:\/\/chicagodesavanja.us\/wp-content\/uploads\/2026\/09\/Predstavljamo-Dzek-Dimic-1-18x12.png 18w\" sizes=\"auto, (max-width: 1000px) 100vw, 1000px\" \/><figcaption class=\"wp-element-caption\">D\u017eek Dimi\u0107 \u2013 lice Balkana u Holivudu; Foto: ChicagoDe\u0161avanja<\/figcaption><\/figure>\n\n\n\n<p class=\"wp-block-paragraph\"><strong>NIJE PROMENIO PREZIME \u2013 PROMENIO JE SAMO IME ZA SCENU<\/strong><\/p>\n\n\n\n<p class=\"wp-block-paragraph\">Danas ga ameri\u010dka publika zna kao D\u017eeka Dimi\u0107a. Ali njegovo pravo ime je \u017deljko Dimi\u0107. I upravo u toj pri\u010di krije se jedan od zanimljivijih detalja njegove ameri\u010dke karijere.<\/p>\n\n\n\n<p class=\"wp-block-paragraph\"><strong>Na Institutu Li Strazberg<\/strong>, gde je primljen kao jedan od samo 12 kandidata, njegovo ime bilo je gotovo nemogu\u0107e za izgovor ameri\u010dkim kolegama.<\/p>\n\n\n\n<p class=\"wp-block-paragraph\"><strong>\u201eNiko ne mo\u017ee da izgovori moje ime. Nemaju \u017d, nemaju J. Uvek je Lesko, Slesko, Lesko, \u017del\u010dko\u2026 Mislim, ne znam otkud im tolika ma\u0161ta da od mog imena naprave toliko imena.\u201c<\/strong><\/p>\n\n\n\n<p class=\"wp-block-paragraph\">Jednog dana profesor Majkl, poku\u0161avaju\u0107i da ga oslovljava, jednostavno je presekao.<\/p>\n\n\n\n<p class=\"wp-block-paragraph\"><strong>\u201eJa na sceni radim neku ve\u017ebu i ka\u017ee Majkl: \u2018What is your name again?\u2019 Ja ka\u017eem: \u2018\u017deljko.\u2019 \u2018What?\u2019 \u2018\u017deljko.\u2019 \u2018A?\u2019 I ja \u010detiri puta: \u2018You know what, forget about it, you&#8217;re Jack from now on.\u2019 Pred celom klasom: \u2018Od sada si D\u017eek.\u2019\u201c<\/strong><\/p>\n\n\n\n<p class=\"wp-block-paragraph\">I tako je nastao D\u017eek.<\/p>\n\n\n\n<p class=\"wp-block-paragraph\">Ni\u0161ta nije bilo zvani\u010dno, nije menjao dokumenta niti je odustao od svog imena. Tek kasnije, kada je dobio ulogu u filmu Spajka Lija \u201e3AM\u201c i morao da se registruje u sindikatu, odlu\u010dio je da kao scensko ime koristi ono koje mu je ve\u0107 bilo \u201edodeljeno\u201c.<\/p>\n\n\n\n<p class=\"wp-block-paragraph\"><strong>\u201eI ja se setim da \u0107e biti problem kasnije pri igranju, da te ljudi prepoznaju, da ljudi izgovaraju tvoje ime, da te zapamte. Ja ka\u017eem: \u2018Okej, pi\u0161i D\u017eek Dimi\u0107.\u2019 I tako je ostalo.\u201c<\/strong><\/p>\n\n\n\n<p class=\"wp-block-paragraph\">Ali jedno je za njega oduvek bilo jasno:<\/p>\n\n\n\n<p class=\"wp-block-paragraph\"><strong>\u201eU svim dokumentima ja sam \u017deljko Dimi\u0107 i nemam nameru da menjam to.\u201c<\/strong><\/p>\n\n\n\n<p class=\"wp-block-paragraph\"><strong>\u201eYOU ARE THE WORST CASE I HAVE EVER IN MY LIFE\u201c<\/strong><\/p>\n\n\n\n<p class=\"wp-block-paragraph\">Danas govori engleski jezik bez problema i radi u velikim ameri\u010dkim produkcijama. Ali put do toga bio je sve samo ne lak.<\/p>\n\n\n\n<p class=\"wp-block-paragraph\">Kada je sa 33 godine primljen na Li Strazberg, bio je jedini kandidat iz ovog podru\u010dja. Njegov najve\u0107i problem bio je jezik.<\/p>\n\n\n\n<p class=\"wp-block-paragraph\"><strong>\u201eMoj jezik je bio engleski: \u2018rain, train, tomorrow, where is this street, I&#8217;m immigrant from Bosnia\u2019.\u201c<\/strong><\/p>\n\n\n\n<p class=\"wp-block-paragraph\">Njegova profesorka Li Dilan, kada ga je prvi put \u010dula, nije birala re\u010di:<\/p>\n\n\n\n<p class=\"wp-block-paragraph\"><strong>\u201eYou are the worst case I have ever in my life.\u201c<\/strong><\/p>\n\n\n\n<p class=\"wp-block-paragraph\">Najgori slu\u010daj koji je ikada imala.<\/p>\n\n\n\n<p class=\"wp-block-paragraph\">Dimi\u0107 se, me\u0111utim, nije povukao. Naprotiv. Upravo tu po\u010dinje jedna od najva\u017enijih borbi njegove karijere \u2013 dokazivanje da poreklo i akcenat nisu prepreka ako \u010dovek ima \u0161ta da poka\u017ee.<\/p>\n\n\n\n<p class=\"wp-block-paragraph\">Njegovi profesori su ga, kako ka\u017ee, favorizovali upravo kao stranca koji se bori sa jezikom.<\/p>\n\n\n\n<p class=\"wp-block-paragraph\"><strong>\u201ePa sam radio scene kada radim \u010cehova, kada radim \u2018Medveda\u2019, Smirnova iz \u2018Medveda\u2019. Mene Majkli ka\u017ee: \u2018Pa radi na ruskom. Ruski je moj drugi jezik.\u2019 Ja ka\u017eem: \u2018Pa, ali smo u Americi.\u2019 \u2018Nobody cares.\u2019 Svi \u0107e razumeti jezik glume, ako to vredi.\u201c<\/strong><\/p>\n\n\n\n<p class=\"wp-block-paragraph\">To je, ka\u017ee, bila jedna od najva\u017enijih lekcija.<\/p>\n\n\n\n<p class=\"wp-block-paragraph\">Ali engleski je ipak morao da savlada do savr\u0161enstva.<\/p>\n\n\n\n<p class=\"wp-block-paragraph\">\u010cetrnaest godina je, kako je opisao, \u201epeglao\u201c jezik. Re\u010di je ponavljao hiljadama puta, sve dok njegov akcenat nije prestao da bude prepreka za uloge.<\/p>\n\n\n\n<p class=\"wp-block-paragraph\"><strong>\u201ePonavljaju\u0107i re\u010di po 70, 80, 90, 100 hiljada puta, svaki dan, tek nakon 14 godina dobio sam priliku da igram prvi put Amerikanca, ro\u0111enog Amerikanca, u seriji \u2018Hawaii Five-0\u2019. Uloga se zove Rendi Torb<\/strong>.\u201c<\/p>\n\n\n\n<p class=\"wp-block-paragraph\">Ta uloga bila je mnogo vi\u0161e od jo\u0161 jednog anga\u017emana. Za Dimi\u0107a je zna\u010dila skidanje etikete.<\/p>\n\n\n\n<p class=\"wp-block-paragraph\"><strong>\u201eTek nakon toga su mi skinuli tu etiketu, zbog prezimena, kako oni ka\u017eu, da ja samo mogu da igram Ruse, Albance, Crnogorce, Srbe, Hrvate i tako dalje.\u201c<\/strong><\/p>\n\n\n\n<p class=\"wp-block-paragraph\">Danas ka\u017ee da ga \u010deka ve\u0107 15. takva uloga \u2013 ameri\u010dkog kosmonauta.<\/p>\n\n\n\n<figure class=\"wp-block-image size-full\"><img loading=\"lazy\" decoding=\"async\" width=\"436\" height=\"601\" src=\"https:\/\/chicagodesavanja.us\/wp-content\/uploads\/2026\/09\/Predstavljamo-Dzek-Dimic-Nenad-Matovic-.png\" alt=\"\" class=\"wp-image-82803\" srcset=\"https:\/\/chicagodesavanja.us\/wp-content\/uploads\/2026\/09\/Predstavljamo-Dzek-Dimic-Nenad-Matovic-.png 436w, https:\/\/chicagodesavanja.us\/wp-content\/uploads\/2026\/09\/Predstavljamo-Dzek-Dimic-Nenad-Matovic--218x300.png 218w, https:\/\/chicagodesavanja.us\/wp-content\/uploads\/2026\/09\/Predstavljamo-Dzek-Dimic-Nenad-Matovic--9x12.png 9w\" sizes=\"auto, (max-width: 436px) 100vw, 436px\" \/><figcaption class=\"wp-element-caption\">D\u017eek Dimi\u0107 &#8211; glumac koji nije zaboravio korene; Foto: Nenad Matovi\u0107 <\/figcaption><\/figure>\n\n\n\n<p class=\"wp-block-paragraph\"><strong>\u201eNE MOGU\u201c, \u201eNE\u0106U\u201c I \u201eNE ZNAM\u201c NISU POSTOJALI<\/strong><\/p>\n\n\n\n<p class=\"wp-block-paragraph\">Kada govori o uspehu, Dimi\u0107 ne govori samo o talentu. Govori o disciplini.<\/p>\n\n\n\n<p class=\"wp-block-paragraph\">Na Akademiji je, ka\u017ee, postojalo pravilo koje je promenilo njegov pogled na posao.<\/p>\n\n\n\n<p class=\"wp-block-paragraph\"><strong>\u201eNama je bilo zabranjeno \u010detiri godine na Akademiji da ka\u017eemo tri stvari: \u2018Ne mogu\u2019, \u2018Ne\u0107u\u2019 i \u2018Ne znam\u2019.\u201c<\/strong><\/p>\n\n\n\n<p class=\"wp-block-paragraph\">Bilo da je u pitanju scena, ve\u017eba, odnos sa partnerom ili problem sa tehnikom \u2013 odustajanje nije bilo opcija.<\/p>\n\n\n\n<p class=\"wp-block-paragraph\"><strong>\u201eBilo koji zadatak da je u pitanju\u2026 ako ka\u017ee\u0161 \u2018ne mogu\u2019 i \u2018ne\u0107u\u2019, kako bi mi rekli narodski, profesor ti se \u2018naka\u010di\u2019. I ka\u017ee: dok to ne shvati\u0161, za\u0161to ne treba da govori\u0161, ne mo\u017ee\u0161 dolaziti ovde.\u201c<\/strong><\/p>\n\n\n\n<p class=\"wp-block-paragraph\">Mo\u017eda upravo tu le\u017ei deo odgovora na pitanje kako je jedan \u010dovek sa Balkana uspeo da prona\u0111e svoje mesto u ameri\u010dkoj industriji.<\/p>\n\n\n\n<p class=\"wp-block-paragraph\">Ne tako \u0161to je poku\u0161ao da sakrije odakle je do\u0161ao, ve\u0107 tako \u0161to je insistirao na tome da ono \u0161to radi bude dovoljno dobro.<\/p>\n\n\n\n<p class=\"wp-block-paragraph\"><strong>\u201eNe, ne. U tome je ista vrednost njihovog pristupa ovom poslu koji je univerzalan.\u201c<\/strong><\/p>\n\n\n\n<p class=\"wp-block-paragraph\"><strong>VI\u0160E OD 80 ULOGA, TESLA, LAU\u0160EVI\u0106 I NAJVE\u0106E AMERI\u010cKE SERIJE<\/strong><\/p>\n\n\n\n<p class=\"wp-block-paragraph\">Dimi\u0107 je tokom karijere ostvario vi\u0161e od 90 uloga na filmu, televiziji i u pozori\u0161tu.<\/p>\n\n\n\n<p class=\"wp-block-paragraph\"><strong>Ameri\u010dka publika gledala ga je u serijama \u201eLaw &amp; Order\u201c, \u201eCSI\u201c, \u201eThe Blacklist\u201c, \u201eCastle\u201c, \u201eBurn Notice\u201c, \u201eHawaii Five-0\u201c, \u201eElementary\u201c, \u201eBlue Bloods\u201c, kao i u kultnim \u201eSopranovima\u201c.<\/strong><\/p>\n\n\n\n<p class=\"wp-block-paragraph\">Posebno mesto zauzima <strong>Nikola Tesla<\/strong>. Dimi\u0107 je slavnog nau\u010dnika igrao u of-brodvejskoj predstavi \u201eTesla\u201c, a potom i u filmu \u201eTeslin narod\u201c.<\/p>\n\n\n\n<p class=\"wp-block-paragraph\">Veliku vezu sa na\u0161im prostorom predstavlja i saradnja sa <strong>\u017darkom Lau\u0161evi\u0107em.<\/strong> Zajedno su igrali \u201eEmigrante\u201c Slawomira Mro\u017eeka, predstavu koju su izvodili i pred publikom u \u010cikagu.<\/p>\n\n\n\n<p class=\"wp-block-paragraph\">Dimi\u0107 je radio i sa velikim imenima ameri\u010dke kinematografije. U njegovoj biografiji nalaze se saradnje sa Alom Pa\u0107inom, Alekom Boldvinom, Selenom Gomez, Nikol Kidman, Morganom Frimenom i drugim poznatim imenima.<\/p>\n\n\n\n<p class=\"wp-block-paragraph\">Ali kada govori o velikim produkcijama, ne krije da postoji ogromna razlika u novcu i organizaciji.<\/p>\n\n\n\n<p class=\"wp-block-paragraph\"><strong>\u201eJa sam imao privilegiju da radim neke filmove, ne \u017eelim sad da ih imenujem, koji su holivudska studijska produkcija, koji su veoma skupi.\u201c<\/strong><\/p>\n\n\n\n<p class=\"wp-block-paragraph\">Na velikim ameri\u010dkim setovima, ka\u017ee, glumac mo\u017ee da se koncentri\u0161e samo na ono zbog \u010dega je do\u0161ao.<\/p>\n\n\n\n<p class=\"wp-block-paragraph\">\u201eJa kad odem na set tamo, ja ne treba da brinem ni o \u010demu. Usresre\u0111en sam na svoju ulogu i ljude koji su oko mene.\u201c<\/p>\n\n\n\n<p class=\"wp-block-paragraph\">A onda daje gotovo filmski primer razlike u produkciji:<\/p>\n\n\n\n<p class=\"wp-block-paragraph\"><strong>\u201eSad sam radio \u2018Lajen\u2019, u Teksasu, sa Zoi Zladanom, Nikol Kidman i Frimanom. Ja sam imao osobu koja je bila zadu\u017eena samo da me pita je li sve u redu, koju kafu pijem i da li pijem Koka-Kolu Zero ili obi\u010dnu. I normalno, ona je dobijala platu za to.\u201c<\/strong><\/p>\n\n\n\n<p class=\"wp-block-paragraph\">Ipak, Dimi\u0107 ne veruje da novac automatski proizvodi kvalitet.<\/p>\n\n\n\n<p class=\"wp-block-paragraph\"><strong>\u201eAli opet ka\u017eem, kvalitet ne mora da zna\u010di vi\u0161e para, vi\u0161e kvaliteta.\u201c<\/strong><\/p>\n\n\n\n<p class=\"wp-block-paragraph\"><strong>\u201eJA NIKAD NE\u0106U PRESTATI DA RADIM OVDE\u201c<\/strong><\/p>\n\n\n\n<p class=\"wp-block-paragraph\">Iako je Amerika njegova profesionalna baza, Dimi\u0107 se ne odri\u010de rada u Srbiji i regionu.<\/p>\n\n\n\n<p class=\"wp-block-paragraph\">Naprotiv.<\/p>\n\n\n\n<p class=\"wp-block-paragraph\"><strong>\u201eJa uvek radim ovde kad dobijem ponudu za lik koji meni odgovara.\u201c<\/strong><\/p>\n\n\n\n<p class=\"wp-block-paragraph\">Ve\u0107 ima nove projekte. Nakon ameri\u010dkog anga\u017emana u Indijani, vra\u0107a se u Srbiju krajem oktobra, gde bi trebalo da radi na dve serije.<\/p>\n\n\n\n<p class=\"wp-block-paragraph\">I tu dolazi do re\u010denice koja mo\u017eda najbolje obja\u0161njava njegov odnos prema poreklu:<\/p>\n\n\n\n<p class=\"wp-block-paragraph\"><strong>\u201eVelika je privilegija meni, kao \u010doveku odavde, kad radim na svom jeziku. Uz du\u017eno po\u0161tovanje svim jezicima na kojima radim tamo, ali ipak kad radite na jeziku koji vam je i majka dala, to je\u2026 te\u0161ko je to objasniti.\u201c<\/strong><\/p>\n\n\n\n<p class=\"wp-block-paragraph\">Mo\u017eda upravo zato D\u017eek Dimi\u0107 nikada nije postao samo ameri\u010dki glumac.<\/p>\n\n\n\n<p class=\"wp-block-paragraph\">On je ostao \u017deljko Dimi\u0107.<\/p>\n\n\n\n<p class=\"wp-block-paragraph\" style=\"font-size:10px\">PI\u0160E: ANA VELJKOVI\u0106 I FOTO: CHICAGODESAVANJA.US<\/p>","protected":false},"excerpt":{"rendered":"<p>Od Bosanske Dubice do Holivuda: Kako je \u017deljko postao D\u017eek i za\u0161to se u \u010cikagu ose\u0107a kao kod ku\u0107e\u201c Glumac balkanskog porekla D\u017eek Dimi\u0107 ove godine ponovo sti\u017ee u \u010cikago, grad koji, kako ka\u017ee, do\u017eivljava kao svoj \u201eameri\u010dki Ni\u0161\u201c. Od Bosanske Dubice, preko Beograda, Praga i \u0160vedske, stigao je do Njujorka, Instituta Li Strazberg i [&hellip;]<\/p>\n","protected":false},"author":5117,"featured_media":82801,"comment_status":"closed","ping_status":"closed","sticky":false,"template":"","format":"standard","meta":{"wpai_generated_summary":"","footnotes":""},"categories":[368,653,599],"tags":[4241,73399,370,73398,73396,73403,4497,73402,73406,12615,73404,609,73405,73400,73407,13324,73397],"class_list":["post-82794","post","type-post","status-publish","format-standard","has-post-thumbnail","hentry","category-vesti-amerika","category-cikago","category-predstavljamo","tag-balkan-u-americi","tag-bosanska-dubica","tag-cikago","tag-dzek-dimic","tag-glumci-srpskog-porekla","tag-hawaii-five-0","tag-holivud","tag-institut-li-strazberg","tag-law-order","tag-nikola-tesla","tag-sopranovi","tag-srpska-dijaspora","tag-srpska-zajednica-u-cikagu-2","tag-srpski-glumci","tag-the-blacklist","tag-zarko-lausevic","tag-zeljko-dimic"],"_links":{"self":[{"href":"https:\/\/chicagodesavanja.us\/en\/wp-json\/wp\/v2\/posts\/82794","targetHints":{"allow":["GET"]}}],"collection":[{"href":"https:\/\/chicagodesavanja.us\/en\/wp-json\/wp\/v2\/posts"}],"about":[{"href":"https:\/\/chicagodesavanja.us\/en\/wp-json\/wp\/v2\/types\/post"}],"author":[{"embeddable":true,"href":"https:\/\/chicagodesavanja.us\/en\/wp-json\/wp\/v2\/users\/5117"}],"replies":[{"embeddable":true,"href":"https:\/\/chicagodesavanja.us\/en\/wp-json\/wp\/v2\/comments?post=82794"}],"version-history":[{"count":4,"href":"https:\/\/chicagodesavanja.us\/en\/wp-json\/wp\/v2\/posts\/82794\/revisions"}],"predecessor-version":[{"id":82878,"href":"https:\/\/chicagodesavanja.us\/en\/wp-json\/wp\/v2\/posts\/82794\/revisions\/82878"}],"wp:featuredmedia":[{"embeddable":true,"href":"https:\/\/chicagodesavanja.us\/en\/wp-json\/wp\/v2\/media\/82801"}],"wp:attachment":[{"href":"https:\/\/chicagodesavanja.us\/en\/wp-json\/wp\/v2\/media?parent=82794"}],"wp:term":[{"taxonomy":"category","embeddable":true,"href":"https:\/\/chicagodesavanja.us\/en\/wp-json\/wp\/v2\/categories?post=82794"},{"taxonomy":"post_tag","embeddable":true,"href":"https:\/\/chicagodesavanja.us\/en\/wp-json\/wp\/v2\/tags?post=82794"}],"curies":[{"name":"WP","href":"https:\/\/api.w.org\/{rel}","templated":true}]}}