{"id":82665,"date":"2026-09-03T03:02:00","date_gmt":"2026-09-03T08:02:00","guid":{"rendered":"https:\/\/chicagodesavanja.us\/?p=82665"},"modified":"2026-09-02T06:25:24","modified_gmt":"2026-09-02T11:25:24","slug":"nisam-mogla-da-se-vratim-kuci-bio-je-to-pakao-za-mene-dragana-mirkovic-otvorila-dusu-o-teskim-trenucima","status":"publish","type":"post","link":"https:\/\/chicagodesavanja.us\/en\/vesti\/nisam-mogla-da-se-vratim-kuci-bio-je-to-pakao-za-mene-dragana-mirkovic-otvorila-dusu-o-teskim-trenucima\/","title":{"rendered":"Nisam mogla da se vratim ku\u0107i, bio je to pakao za mene: Dragana Mirkovi\u0107 otvorila du\u0161u o te\u0161kim trenucima"},"content":{"rendered":"<p class=\"wp-block-paragraph\">Dragana je ispunjena i na porodi\u010dnom planu, po\u0161to je u braku sa biznismenom Tonijem Bijeli\u0107em dobila decu, Manuelu i Marka. Kako je vrlo vezana za naslednike, te\u0161ko joj padaju turneje i koncerti zbog kojih je razdvojena od porodice.<\/p>\n\n\n\n<p class=\"wp-block-paragraph\">Prvi put sam, pripremaju\u0107i tada\u0161nje koncerte, bila razdvojena od porodice. Naravno, kao i svaka \u017eena i majka moram da priznam da su mi najvi\u0161e nedostajala deca, da se ne la\u017eemo. Bila sam razdvojena od porodice jer sam spremala koncert, imala sastanke sa produkcijom oko toga kako \u0107e izgledati led ekrani, \u0161ta \u0107e biti na njima i tako dalje &#8211; ispri\u010dala je potom Dragana.<\/p>\n\n\n\n<p class=\"wp-block-paragraph\">&#8211; Dnevno sam imala samo pola sata da iza\u0111em na ru\u010dak. Nisam bila u mogu\u0107nosti da se vra\u0107am u porodi\u010dni dom. Svega dva ili tri puta sam na dva dana odlazila ku\u0107i. Te\u0161ko mi je to palo. Bio je to pakao za mene, ali sam bila svesna da moram &#8211; dodala je Mirkovi\u0107eva tom prilikom za &#8222;Extra FM&#8220;.<\/p>\n\n\n\n<p class=\"wp-block-paragraph\">Peva\u010dica je nedavno otkrila i da su njeni naslednici vrlo bri\u017eni.<\/p>\n\n\n\n<p class=\"wp-block-paragraph\">&#8211; Oni u\u017eivaju, ponosni su na mamu, \u0161to je prirodno i normalno. Jako su pa\u017eljivi, \u0161alju mi poruke, pitaju me da li sam se umorila. Ja im ka\u017eem: &#8222;Deco, \u0161ta vam je, pa znate svoju majku&#8220;. Mama je stena. Nije sve uvek lagano, ali ja sam ponosna na sebe kako izdr\u017eavam &#8211; rekla je svojevremeno za &#8222;Premijeru&#8220; Dragana.<\/p>\n\n\n\n<p class=\"wp-block-paragraph\">Izvor: <a href=\"https:\/\/nova.rs\/zabava\/showbiz\/dragana-mirkovic-nije-mogla-da-se-vrati-kuci\/\" data-type=\"link\" data-id=\"https:\/\/nova.rs\/zabava\/showbiz\/dragana-mirkovic-nije-mogla-da-se-vrati-kuci\/\" target=\"_blank\" rel=\"noopener\">Nova<\/a> i Foto: Printscreen<\/p>","protected":false},"excerpt":{"rendered":"<p>Dragana je ispunjena i na porodi\u010dnom planu, po\u0161to je u braku sa biznismenom Tonijem Bijeli\u0107em dobila decu, Manuelu i Marka. Kako je vrlo vezana za naslednike, te\u0161ko joj padaju turneje i koncerti zbog kojih je razdvojena od porodice. Prvi put sam, pripremaju\u0107i tada\u0161nje koncerte, bila razdvojena od porodice. Naravno, kao i svaka \u017eena i majka [&hellip;]<\/p>\n","protected":false},"author":5113,"featured_media":82676,"comment_status":"closed","ping_status":"closed","sticky":false,"template":"","format":"standard","meta":{"wpai_generated_summary":"","footnotes":""},"categories":[619,620],"tags":[],"class_list":["post-82665","post","type-post","status-publish","format-standard","has-post-thumbnail","hentry","category-muzika-zabava","category-zabava"],"_links":{"self":[{"href":"https:\/\/chicagodesavanja.us\/en\/wp-json\/wp\/v2\/posts\/82665","targetHints":{"allow":["GET"]}}],"collection":[{"href":"https:\/\/chicagodesavanja.us\/en\/wp-json\/wp\/v2\/posts"}],"about":[{"href":"https:\/\/chicagodesavanja.us\/en\/wp-json\/wp\/v2\/types\/post"}],"author":[{"embeddable":true,"href":"https:\/\/chicagodesavanja.us\/en\/wp-json\/wp\/v2\/users\/5113"}],"replies":[{"embeddable":true,"href":"https:\/\/chicagodesavanja.us\/en\/wp-json\/wp\/v2\/comments?post=82665"}],"version-history":[{"count":1,"href":"https:\/\/chicagodesavanja.us\/en\/wp-json\/wp\/v2\/posts\/82665\/revisions"}],"predecessor-version":[{"id":82666,"href":"https:\/\/chicagodesavanja.us\/en\/wp-json\/wp\/v2\/posts\/82665\/revisions\/82666"}],"wp:featuredmedia":[{"embeddable":true,"href":"https:\/\/chicagodesavanja.us\/en\/wp-json\/wp\/v2\/media\/82676"}],"wp:attachment":[{"href":"https:\/\/chicagodesavanja.us\/en\/wp-json\/wp\/v2\/media?parent=82665"}],"wp:term":[{"taxonomy":"category","embeddable":true,"href":"https:\/\/chicagodesavanja.us\/en\/wp-json\/wp\/v2\/categories?post=82665"},{"taxonomy":"post_tag","embeddable":true,"href":"https:\/\/chicagodesavanja.us\/en\/wp-json\/wp\/v2\/tags?post=82665"}],"curies":[{"name":"WP","href":"https:\/\/api.w.org\/{rel}","templated":true}]}}