{"id":80688,"date":"2026-08-16T00:00:00","date_gmt":"2026-08-16T05:00:00","guid":{"rendered":"https:\/\/chicagodesavanja.us\/vesti\/iphone-18-pro-ce-biti-skuplji-a-imace-istu-osnovnu-memoriju\/"},"modified":"2026-08-16T00:00:00","modified_gmt":"2026-08-16T05:00:00","slug":"iphone-18-pro-ce-biti-skuplji-a-imace-istu-osnovnu-memoriju","status":"publish","type":"post","link":"https:\/\/chicagodesavanja.us\/en\/vesti\/iphone-18-pro-ce-biti-skuplji-a-imace-istu-osnovnu-memoriju\/","title":{"rendered":"iPhone 18 Pro bi mogao biti mnogo skuplji, a osnovna memorija ostaje ista"},"content":{"rendered":"<p class=\"wp-block-paragraph\">Naredna generacija Apple-ovih Pro telefona mogla bi da donese zna\u010dajno vi\u0161e cene, ali ne i pove\u0107anje osnovnog kapaciteta skladi\u0161ta. Prema najnovijim procenama, <strong>iPhone 18 Pro<\/strong> bi i dalje trebalo da po\u010dinje sa <strong>256 GB interne memorije<\/strong>, isto kao aktuelni iPhone 17 Pro.<\/p>\n\n\n\n<p class=\"wp-block-paragraph\">Tajvanska istra\u017eiva\u010dka kompanija <strong>TrendForce<\/strong> procenjuje da bi tro\u0161kovi pojedinih komponenti za iPhone 18 Pro mogli da budu gotovo <strong>40 odsto vi\u0161i<\/strong> nego kod prethodne generacije.<\/p>\n\n\n\n<p class=\"wp-block-paragraph\">Uprkos tome, o\u010dekuje se da Apple ne menja osnovni kapacitet skladi\u0161ta.<\/p>\n\n\n\n<p class=\"wp-block-paragraph\">Pore\u0111enje po\u010detne memorije Pro modela izgleda ovako:<\/p>\n\n\n\n<ul class=\"wp-block-list\">\n<li>iPhone 16 Pro \u2013 128 GB<\/li>\n\n\n\n<li>iPhone 17 Pro \u2013 256 GB<\/li>\n\n\n\n<li>iPhone 18 Pro \u2013 256 GB<\/li>\n<\/ul>\n\n\n\n<p class=\"wp-block-paragraph\">TrendForce nije posebno naveo iPhone 18 Pro Max, ali Apple je prethodne dve generacije Pro i Pro Max modela nudio sa istim po\u010detnim kapacitetom, pa se o\u010dekuje da bi takva praksa mogla da bude nastavljena.<\/p>\n\n\n\n<p class=\"wp-block-paragraph\" id=\"h-cena-bi-mogla-ozbiljno-da-poraste\"><strong>Cena bi mogla ozbiljno da poraste<\/strong><\/p>\n\n\n\n<p class=\"wp-block-paragraph\">Zadr\u017eavanje istog kapaciteta memorije, me\u0111utim, ne zna\u010di i zadr\u017eavanje iste cene.<\/p>\n\n\n\n<p class=\"wp-block-paragraph\">TrendForce smatra da je poskupljenje iPhone 18 Pro serije prakti\u010dno neizbe\u017eno, prvenstveno zbog rasta tro\u0161kova komponenti.<\/p>\n\n\n\n<p class=\"wp-block-paragraph\">Jedan od najve\u0107ih problema predstavlja <strong>RAM memorija<\/strong>, \u010dija je cena zna\u010dajno porasla zbog nesta\u0161ice memorijskih \u010dipova. O\u010dekuje se i poskupljenje skladi\u0161ne memorije, kao i novog <strong>A20 Pro<\/strong> \u010dipa.<\/p>\n\n\n\n<p class=\"wp-block-paragraph\">Prema ranijim informacijama, po\u010detna cena iPhone 18 Pro modela u SAD mogla bi da bude \u010dak <strong>$200 do $300 vi\u0161a<\/strong> u odnosu na iPhone 17 Pro.<\/p>\n\n\n\n<p class=\"wp-block-paragraph\">U tom slu\u010daju, <strong>iPhone 18 Pro mogao bi da po\u010dinje od oko $1.399<\/strong>, dok bi osnovna cena modela <strong>iPhone 18 Pro Max mogla da dostigne $1.499<\/strong>.<\/p>\n\n\n\n<p class=\"wp-block-paragraph\">Ako se ove procene obistine, kupci bi za novu generaciju morali da izdvoje znatno vi\u0161e novca, iako osnovni prostor za skladi\u0161tenje podataka verovatno ne\u0107e biti pove\u0107an.<\/p>\n\n\n\n<p class=\"wp-block-paragraph\" style=\"font-size:10px\">SOURCE: <a href=\"https:\/\/www.b92.net\/tehnopolis\/ios\/258091\/iphone-18-pro-bi-mogao-da-poskupi-cak-300-dolara-evo-koliko-bi-mogao-da-kosta\/vest\" target=\"_blank\" rel=\"noopener\">B92<\/a> PHOTO: CHAT GPT<\/p>","protected":false},"excerpt":{"rendered":"<p>Naredna generacija Apple-ovih Pro telefona mogla bi da donese zna\u010dajno vi\u0161e cene, ali ne i pove\u0107anje osnovnog kapaciteta skladi\u0161ta. Prema najnovijim procenama, iPhone 18 Pro bi i dalje trebalo da po\u010dinje sa 256 GB interne memorije, isto kao aktuelni iPhone 17 Pro. Tajvanska istra\u017eiva\u010dka kompanija TrendForce procenjuje da bi tro\u0161kovi pojedinih komponenti za iPhone 18 [&hellip;]<\/p>\n","protected":false},"author":1,"featured_media":80689,"comment_status":"","ping_status":"","sticky":false,"template":"","format":"standard","meta":{"footnotes":""},"categories":[721],"tags":[],"class_list":["post-80688","post","type-post","status-publish","format-standard","has-post-thumbnail","hentry","category-tech"],"_links":{"self":[{"href":"https:\/\/chicagodesavanja.us\/en\/wp-json\/wp\/v2\/posts\/80688","targetHints":{"allow":["GET"]}}],"collection":[{"href":"https:\/\/chicagodesavanja.us\/en\/wp-json\/wp\/v2\/posts"}],"about":[{"href":"https:\/\/chicagodesavanja.us\/en\/wp-json\/wp\/v2\/types\/post"}],"author":[{"embeddable":true,"href":"https:\/\/chicagodesavanja.us\/en\/wp-json\/wp\/v2\/users\/1"}],"replies":[{"embeddable":true,"href":"https:\/\/chicagodesavanja.us\/en\/wp-json\/wp\/v2\/comments?post=80688"}],"version-history":[{"count":0,"href":"https:\/\/chicagodesavanja.us\/en\/wp-json\/wp\/v2\/posts\/80688\/revisions"}],"wp:featuredmedia":[{"embeddable":true,"href":"https:\/\/chicagodesavanja.us\/en\/wp-json\/wp\/v2\/media\/80689"}],"wp:attachment":[{"href":"https:\/\/chicagodesavanja.us\/en\/wp-json\/wp\/v2\/media?parent=80688"}],"wp:term":[{"taxonomy":"category","embeddable":true,"href":"https:\/\/chicagodesavanja.us\/en\/wp-json\/wp\/v2\/categories?post=80688"},{"taxonomy":"post_tag","embeddable":true,"href":"https:\/\/chicagodesavanja.us\/en\/wp-json\/wp\/v2\/tags?post=80688"}],"curies":[{"name":"WP","href":"https:\/\/api.w.org\/{rel}","templated":true}]}}