{"id":78564,"date":"2026-07-04T00:00:00","date_gmt":"2026-07-04T05:00:00","guid":{"rendered":"https:\/\/chicagodesavanja.us\/vesti\/dan-svetog-mardarija-2026-18-jul\/"},"modified":"2026-07-04T00:00:00","modified_gmt":"2026-07-04T05:00:00","slug":"dan-svetog-mardarija-2026-18-jul","status":"publish","type":"post","link":"https:\/\/chicagodesavanja.us\/en\/vesti\/dan-svetog-mardarija-2026-18-jul\/","title":{"rendered":"Dan Svetog Mardarija 2026: Velika litija, sveta arhijerejska liturgija i proslava u Libertyville-u"},"content":{"rendered":"<p class=\"wp-block-paragraph\">Srpska pravoslavna eparhija <strong><a href=\"https:\/\/www.google.com\/maps?ll=42.37403,-88.004004&amp;z=12&amp;t=m&amp;hl=en-US&amp;gl=US&amp;mapclient=embed&amp;cid=12289463643204959887\" target=\"_blank\" rel=\"noopener\">New Gracanica \u2013 Midwestern America<\/a><\/strong> poziva vernike, porodice i prijatelje da prisustvuju tradicionalnoj proslavi <strong>Dana Svetog Mardarija<\/strong>, koja \u0107e biti odr\u017eana u subotu, 18. jula 2026. godine.<\/p>\n\n\n\n<p class=\"wp-block-paragraph\" id=\"h-litija-od-nove-gracanice-do-manastira-svetog-save\"><strong>Litija od Nove Gra\u010danice do manastira Svetog Save<\/strong><\/p>\n\n\n\n<p class=\"wp-block-paragraph\">Program po\u010dinje u ranim jutarnjim \u010dasovima, kada \u0107e u 6 \u010dasova biti organizovana tradicionalna litija od manastira <strong>Nova Gra\u010danica<\/strong> u Third Lake-u do manastira <strong>Svetog Save<\/strong> u Libertyville-u.<\/p>\n\n\n\n<p class=\"wp-block-paragraph\">Vernici \u0107e imati priliku da kroz zajedni\u010dku molitvu i hod poka\u017eu po\u0161tovanje prema Svetom Mardariju i o\u010duvaju tradiciju koja godinama okuplja srpski narod u Americi.<\/p>\n\n\n\n<p class=\"wp-block-paragraph\" id=\"h-sveta-arhijerejska-liturgija\"><strong>Sveta arhijerejska liturgija<\/strong><\/p>\n\n\n\n<p class=\"wp-block-paragraph\">Centralni deo proslave bi\u0107e <strong>Sveta arhijerejska liturgija<\/strong>, koja \u0107e po\u010deti u 9:30 \u010dasova u paviljonu manastira Svetog Save.<\/p>\n\n\n\n<p class=\"wp-block-paragraph\">O\u010dekuje se veliki broj vernika, sve\u0161tenstva i gostiju koji \u0107e zajedno obele\u017eiti uspomenu na Svetog Mardarija, jednog od najzna\u010dajnijih srpskih pravoslavnih svetitelja u Severnoj Americi.<\/p>\n\n\n\n<p class=\"wp-block-paragraph\" id=\"h-priznanja-bogoslovima-i-predstavljanje-projekta-obnove\"><strong>Priznanja bogoslovima i predstavljanje projekta obnove<\/strong><\/p>\n\n\n\n<p class=\"wp-block-paragraph\">Nakon liturgije, od 11:30 \u010dasova, bi\u0107e organizovan zajedni\u010dki program i dru\u017eenje.<\/p>\n\n\n\n<p class=\"wp-block-paragraph\">Posetioci \u0107e mo\u0107i da u\u017eivaju u hrani, osve\u017eenju i razgovoru sa \u010dlanovima zajednice, dok \u0107e poseban deo programa biti posve\u0107en dodeli priznanja diplomcima bogoslovije.<\/p>\n\n\n\n<p class=\"wp-block-paragraph\">Tokom doga\u0111aja bi\u0107e predstavljeni i najnoviji radovi na obnovi <strong>Duhovnog i kulturnog centra Svetog Mardarija<\/strong>, jednog od najva\u017enijih istorijskih i duhovnih objekata Srpske pravoslavne crkve u Sjedinjenim Ameri\u010dkim Dr\u017eavama.<\/p>\n\n\n\n<p class=\"wp-block-paragraph\">Organizatori \u0107e upoznati prisutne sa dosada\u0161njim rezultatima restauracije i planovima za naredni period, kao i na\u010dinima na koje vernici mogu pomo\u0107i o\u010duvanju ovog zna\u010dajnog centra za budu\u0107e generacije.<\/p>\n\n\n\n<p class=\"wp-block-paragraph\" id=\"h-okupljanje-koje-cuva-veru-tradiciju-i-zajednistvo\"><strong>Okupljanje koje \u010duva veru, tradiciju i zajedni\u0161tvo<\/strong><\/p>\n\n\n\n<p class=\"wp-block-paragraph\">Dan Svetog Mardarija predstavlja jedan od najva\u017enijih godi\u0161njih doga\u0111aja za srpsku zajednicu na podru\u010dju srednjeg zapada SAD. Pored duhovnog zna\u010daja, manifestacija pru\u017ea priliku za okupljanje porodica, negovanje tradicije i ja\u010danje veza me\u0111u Srbima koji \u017eive u dijaspori.<\/p>\n\n\n\n<p class=\"wp-block-paragraph\">Organizatori pozivaju sve vernike i prijatelje da 18. jula budu deo ovog posebnog dana molitve, zajedni\u0161tva i o\u010duvanja srpskog duhovnog nasle\u0111a.<\/p>\n\n\n\n<p class=\"wp-block-paragraph\" style=\"font-size:10px\">SOURCE: <a href=\"https:\/\/newgracanica.org\/news\/annual-st-mardarije-day-procession-celebration\/\" target=\"_blank\" rel=\"noopener\">NEWGRACANICA.ORG<\/a> PHOTO: CHAT GPT<\/p>","protected":false},"excerpt":{"rendered":"<p>Srpska pravoslavna eparhija New Gracanica \u2013 Midwestern America poziva vernike, porodice i prijatelje da prisustvuju tradicionalnoj proslavi Dana Svetog Mardarija, koja \u0107e biti odr\u017eana u subotu, 18. jula 2026. godine. Litija od Nove Gra\u010danice do manastira Svetog Save Program po\u010dinje u ranim jutarnjim \u010dasovima, kada \u0107e u 6 \u010dasova biti organizovana tradicionalna litija od manastira [&hellip;]<\/p>\n","protected":false},"author":1,"featured_media":78565,"comment_status":"","ping_status":"","sticky":false,"template":"","format":"standard","meta":{"footnotes":""},"categories":[368,653],"tags":[],"class_list":["post-78564","post","type-post","status-publish","format-standard","has-post-thumbnail","hentry","category-vesti-amerika","category-cikago"],"_links":{"self":[{"href":"https:\/\/chicagodesavanja.us\/en\/wp-json\/wp\/v2\/posts\/78564","targetHints":{"allow":["GET"]}}],"collection":[{"href":"https:\/\/chicagodesavanja.us\/en\/wp-json\/wp\/v2\/posts"}],"about":[{"href":"https:\/\/chicagodesavanja.us\/en\/wp-json\/wp\/v2\/types\/post"}],"author":[{"embeddable":true,"href":"https:\/\/chicagodesavanja.us\/en\/wp-json\/wp\/v2\/users\/1"}],"replies":[{"embeddable":true,"href":"https:\/\/chicagodesavanja.us\/en\/wp-json\/wp\/v2\/comments?post=78564"}],"version-history":[{"count":0,"href":"https:\/\/chicagodesavanja.us\/en\/wp-json\/wp\/v2\/posts\/78564\/revisions"}],"wp:featuredmedia":[{"embeddable":true,"href":"https:\/\/chicagodesavanja.us\/en\/wp-json\/wp\/v2\/media\/78565"}],"wp:attachment":[{"href":"https:\/\/chicagodesavanja.us\/en\/wp-json\/wp\/v2\/media?parent=78564"}],"wp:term":[{"taxonomy":"category","embeddable":true,"href":"https:\/\/chicagodesavanja.us\/en\/wp-json\/wp\/v2\/categories?post=78564"},{"taxonomy":"post_tag","embeddable":true,"href":"https:\/\/chicagodesavanja.us\/en\/wp-json\/wp\/v2\/tags?post=78564"}],"curies":[{"name":"WP","href":"https:\/\/api.w.org\/{rel}","templated":true}]}}