{"id":78338,"date":"2022-02-04T07:56:04","date_gmt":"2022-02-04T13:56:04","guid":{"rendered":"https:\/\/chicagodesavanja.us\/vesti\/intervju-dejan-jovanovic-chicago-2022\/"},"modified":"2022-02-04T07:56:04","modified_gmt":"2022-02-04T13:56:04","slug":"intervju-dejan-jovanovic-chicago-2022","status":"publish","type":"post","link":"https:\/\/chicagodesavanja.us\/en\/vesti\/intervju-dejan-jovanovic-chicago-2022\/","title":{"rendered":"INTERVJU: Dejan Jovanovi\u0107, Chicago 2022"},"content":{"rendered":"<p class=\"wp-block-paragraph\">\u010cikago je jedan od najve\u0107ih, ali i najlep\u0161ih gradova sveta, grad u kome nikada niste sami i grad koji nikad ne spava. Veliki broj mladih ljudi je do\u0161ao ovde sa nadom u bolje sutra.<\/p>\n\n\n\n<p class=\"wp-block-paragraph\">Da li jo\u0161 uvek veruju i da li sanjaju iste snove pitamo Dejana Jovanovi\u0107a, mladog i kreativnog \u010doveka koji je odrastao u malom selu pored Leskovca. Danas kao uspe\u0161an fotograf, grafi\u010dki dizajner i neko ko je izdao knjigu o svom zavi\u010daju \u017eivi i radi u \u010cikagu.<\/p>\n\n\n\n<p class=\"wp-block-paragraph\"><em>Kako su izgledali Va\u0161i po\u010deci u Americi?<\/em><\/p>\n\n\n\n<p class=\"wp-block-paragraph\">Kao i svaki po\u010detak bilo je te\u0161ko, ali se sa vremenom \u010dovek navikne, dok se ne sagleda celokupna situacija i dok ne odlu\u010dite da li mo\u017eete da nastavite ili ne. To je bila individualna stvar. Prvih par godina sam radio razne poslove da bih platio ra\u010dune, da bi se pre\u017eivelo i nakon toga nastoji\u0161 da stvara\u0161.<\/p>\n\n\n\n<p class=\"wp-block-paragraph\"><em>Na \u0161ta Vam je bilo najte\u017ee da se priviknete?<\/em><\/p>\n\n\n\n<p class=\"wp-block-paragraph\">Celokupna kultura je druga\u010dija, sve je obrnuto od na\u0161e Srbije i pona\u0161anje i odnosi me\u0111u ljudima. O\u010dekivanja su bila druga\u010dija u pogledu organizacije, u pogledu posla, ali zahvaljuju\u0107i prijateljima nekako smo se sna\u0161li.<\/p>\n\n\n\n<p class=\"wp-block-paragraph\">Fotografija je oduvek bila Dejanova velika ljubav i iz hobija se pretvorila u strast i zavisnost. Prvo je fotografisao za sebe i svoje potrebe, a posle je to preraslo u posao. Najvise voli da fotografi\u0161e prirodu i njene lepote, sve \u0161to je neobi\u010dno. Nakon nekoliko godina boravka u Americi kada je ostvario odre\u0111ene kontakte po\u010deo se baviti fotografijom i grafi\u010dkim dizajnom.<\/p>\n\n\n\n<p class=\"wp-block-paragraph\">Sa godinama odlaze\u0107i u rodni kraj sakupljao je fotografije i 2013. godine rodila se ideja da objavi prvo uvodno izdanje knjige koja \u0107e \u010ditaoce upoznati sa Leskovcem i okolinom, njegovim prirodnim, kulturnim i istorijskim lepotama.<\/p>\n\n\n\n<p class=\"wp-block-paragraph\"><em>Nedavno ste objavili pro\u0161ireno izdanje knjige \u201cMoj zavi\u010daj Leskovac nekad i sad\u201d pa nam ka\u017eite ne\u0161to vi\u0161e o samoj knjizi?<\/em><\/p>\n\n\n\n<p class=\"wp-block-paragraph\">Kao \u0161to sam i istakao u predgovoru ove knjige Leskovac je mesto koje krije pravo bogatstvo materijalne i duhovne kulture. Ovu knjigu bih opisao kao slikovitu mapu za pronala\u017eenje tog blaga i nadam se da \u0107e biti sasvim dovoljna da se detaljnije upoznate sa Leskovcem, kao i mnogim drugim prirodnim lepotama u okolini koje na \u017ealost nisu dospele do o\u010diju i u\u0161iju ljudi van granica ovog regiona.<\/p>\n\n\n\n<p class=\"wp-block-paragraph\">Dejan se nada da \u0107e sadr\u017eina knjige na neki nacin uspeti da probudi ose\u0107anja i svest svih onih koji budu \u010ditali i videli slike koje su sadr\u017eane u njoj.<\/p>\n\n\n\n<p class=\"wp-block-paragraph\">Zelja mu je da se jednoga dana vrati u rodni kraj i sagradi vikendicu gde \u0107e uzivati u prirodnim lepotama leskovackog kraja, svojim knjigama i fotografijama.<\/p>\n\n\n\n<iframe loading=\"lazy\" width=\"100%\" height=\"415\" src=\"https:\/\/www.youtube.com\/embed\/_01SbAaVSI4\" title=\"YouTube video player\" frameborder=\"0\" allow=\"accelerometer; autoplay; clipboard-write; encrypted-media; gyroscope; picture-in-picture\" allowfullscreen=\"\"><\/iframe>","protected":false},"excerpt":{"rendered":"<p>\u010cikago je jedan od najve\u0107ih, ali i najlep\u0161ih gradova sveta, grad u kome nikada niste sami i grad koji nikad ne spava. Veliki broj mladih ljudi je do\u0161ao ovde sa nadom u bolje sutra. Da li jo\u0161 uvek veruju i da li sanjaju iste snove pitamo Dejana Jovanovi\u0107a, mladog i kreativnog \u010doveka koji je odrastao [&hellip;]<\/p>\n","protected":false},"author":1,"featured_media":78339,"comment_status":"","ping_status":"","sticky":false,"template":"","format":"standard","meta":{"footnotes":""},"categories":[3822],"tags":[],"class_list":["post-78338","post","type-post","status-publish","format-standard","has-post-thumbnail","hentry","category-uopsteno"],"_links":{"self":[{"href":"https:\/\/chicagodesavanja.us\/en\/wp-json\/wp\/v2\/posts\/78338","targetHints":{"allow":["GET"]}}],"collection":[{"href":"https:\/\/chicagodesavanja.us\/en\/wp-json\/wp\/v2\/posts"}],"about":[{"href":"https:\/\/chicagodesavanja.us\/en\/wp-json\/wp\/v2\/types\/post"}],"author":[{"embeddable":true,"href":"https:\/\/chicagodesavanja.us\/en\/wp-json\/wp\/v2\/users\/1"}],"replies":[{"embeddable":true,"href":"https:\/\/chicagodesavanja.us\/en\/wp-json\/wp\/v2\/comments?post=78338"}],"version-history":[{"count":0,"href":"https:\/\/chicagodesavanja.us\/en\/wp-json\/wp\/v2\/posts\/78338\/revisions"}],"wp:featuredmedia":[{"embeddable":true,"href":"https:\/\/chicagodesavanja.us\/en\/wp-json\/wp\/v2\/media\/78339"}],"wp:attachment":[{"href":"https:\/\/chicagodesavanja.us\/en\/wp-json\/wp\/v2\/media?parent=78338"}],"wp:term":[{"taxonomy":"category","embeddable":true,"href":"https:\/\/chicagodesavanja.us\/en\/wp-json\/wp\/v2\/categories?post=78338"},{"taxonomy":"post_tag","embeddable":true,"href":"https:\/\/chicagodesavanja.us\/en\/wp-json\/wp\/v2\/tags?post=78338"}],"curies":[{"name":"WP","href":"https:\/\/api.w.org\/{rel}","templated":true}]}}