{"id":78298,"date":"2022-10-05T07:38:41","date_gmt":"2022-10-05T12:38:41","guid":{"rendered":"https:\/\/chicagodesavanja.us\/vesti\/van-gogh-i-riblja-corba-chicago-2022\/"},"modified":"2022-10-05T07:38:41","modified_gmt":"2022-10-05T12:38:41","slug":"van-gogh-i-riblja-corba-chicago-2022","status":"publish","type":"post","link":"https:\/\/chicagodesavanja.us\/en\/vesti\/van-gogh-i-riblja-corba-chicago-2022\/","title":{"rendered":"INTERVJU: Van Gogh i Riblja \u010corba, Chicago 2022"},"content":{"rendered":"<p class=\"wp-block-paragraph\">Erupcija dobre energije i \u010distog rock and roll-a na jednom mestu dogodila se u subotu 1. oktobra kada su se na bini pojavila dva legendarna benda:&nbsp;<a href=\"https:\/\/chicagodesavanja.us\/en\/desavanja\/details\/riblja-corba-van-gogh-joes-live-chicago-oktobar-1-2022\/\" target=\"_blank\" rel=\"noreferrer noopener\">Riblja \u010corba i Van Gogh<\/a>. \u010cak sat vremena pre samog po\u010detka koncerta u prepunom prostoru Joe\u2019s live nestrpljivo se \u010dekalo na prve tonove. Me\u0111u publikom mogle su se primetiti sve generacije, od onih vernih fanova, veterana Riblje \u010corbe do onih ne\u0161to mla\u0111ih koji vole malo \u017ee\u0161\u0107i zvuk \u0110uleta i njegovih momaka, a sve u organizaciji&nbsp;<a href=\"https:\/\/www.purelivemusic.com\/site\/\" target=\"_blank\" rel=\"noreferrer noopener\">Pure Live Music<\/a>.<\/p>\n\n\n\n<p class=\"wp-block-paragraph\">Iako postoje ve\u0107 36 godina momci Van Gogha Zvonimir \u0110uki\u0107- \u0110ule, Srboljub Radivojevi\u0107- Srba i Dragan Ivanovi\u0107 su jedva \u010dekali susret sa publikom. U glas su se pevale pesme: \u201cNeko te ima no\u0107as\u201d, \u201cKlatno\u201d, \u201cGloria\u201d, \u201cMama\u201d i mnoge druge. Pred sam po\u010detak koncerta \u0110ule nam je srda\u010dno odgovorio na nekoliko pitanja.<\/p>\n\n\n\n<p class=\"wp-block-paragraph\"><em>Sino\u0107 ste uspe\u0161no zavr\u0161ili koncert u Torontu, ve\u010deras nastupate u \u010cikagu i ovoga puta binu delite sa Ribljom \u010corbom. Kakva su va\u0161a o\u010dekivanja?<\/em><\/p>\n\n\n\n<p class=\"wp-block-paragraph\">Mi smo stari drugari od davnina, od samih na\u0161ih po\u010detaka i nekako to drugarstvo traje decenijama i evo nastavlja se. Sino\u0107 smo bili u Torontu, publika je bila fantasti\u010dna, van svih o\u010dekivanja i \u0161to je najlep\u0161e sve generacije su bile prisutne. Tako smo trubili u \u010dast gitarama i kao i moje ime Zvonimir zvali smo na mir i na radost i zagrljaj, i verujem da ce tako biti i ve\u010deras.<\/p>\n\n\n\n<p class=\"wp-block-paragraph\"><em>Nastali ste 1986. godine i uprkos svim de\u0161avanjima uspeli ste da opstanete do danas, rock and roll je zapravo opstao na na\u0161im prostorima zahvaljujuci vama. Koliko je upornosti, volje i \u017eelje trebalo za tako ne\u0161to?<\/em><\/p>\n\n\n\n<p class=\"wp-block-paragraph\">Jedni smo od mnogih koji veruju u bolje sutra, nismo fanatici, mi smo oni koji notama i stihovima na \u010darobnom lete\u0107em \u0107ilimu \u017eelimo da od generacije do generacije zagrlimo ljude i da ih nekim lepim mislima prevedemo sa jedne strane na drugu.<\/p>\n\n\n\n<p class=\"wp-block-paragraph\"><em>I nakon 36 godina postojanja vi se i dalje sa istim entuzijazmom spremate za koncerte i dalje se radujete ljudima. \u0160ta je to \u0161to vas pokre\u0107e?<\/em><\/p>\n\n\n\n<p class=\"wp-block-paragraph\">Pa onaj \u010dovek koji se ujutru probudi, a ne obraduje se tom novom danu i ne prigrli ga i ne upi\u0161e ga u tefter \u017eivota kao radostan dan, bojim se da nema \u010demu da se nada. \u017divimo muziku i \u017eivimo za muziku, \u017eivimo od muzike i verujem da bez muzike ne bismo umeli da plivamo i plutamo ovim\u201d Morem bez obala\u201d koje se zove \u017eivot, nekad ovakav ili onakav, kojeg volimo, a tako vaspitavamo i svoju decu.<\/p>\n\n\n\n<p class=\"wp-block-paragraph\">Za kraj \u0110ule je svojim fanovima poru\u010dio:\u201dJa volim da ka\u017eem da je izgubljeno samo ono \u010dega smo se odrekli, nemojte se odre\u0107i lepote \u017eivota, \u010duvajte decu, ne gledajte rijaliti programe, budimo vesli i nasmejani i na prvom mestu zdravi.\u201d<\/p>\n\n\n\n<p class=\"wp-block-paragraph\">&nbsp;Nakon njihovog nastupa koji je trajao skoro dva sata na binu su se popeli veterani rocka. Vidno raspolo\u017eeni \u010dlanovi benda: Miroslav Milatovi\u0107- Vicko, Vidoja Bo\u017einovi\u0107- D\u017eind\u017eer, Nikola Zori\u0107 i Ivan Stankovi\u0107 na \u010delu sa Borom \u0110or\u0111evi\u0107em krenuli su da re\u0111aju pesme koje su obele\u017eile mnoge mladosti, ali i one novije, a Bora se potrudio da izme\u0111u pesama zabavi publiku svojim \u0161alama i komentarima. Re\u0111ale su se pesma za pesmom, publika je svaku od njih ispratila u glas, a atmosfera nije jenjavala do samog kraja koncerta koji je trajao vi\u0161e od \u010detiri sata. I Bora je kroz razgovor nakon koncerta bio pun lepih utisaka.<\/p>\n\n\n\n<p class=\"wp-block-paragraph\"><em>Po\u0161tovani&nbsp; Boro upravo se zavr\u0161ilo&nbsp; jedno lepo ve\u010de, prepuno emocija. Kakvi su Va\u0161i utisci nakog ovog koncerta?<\/em><\/p>\n\n\n\n<p class=\"wp-block-paragraph\">Zaista je bilo puno emocija i nostalgije. Dugo nismo bili ovde u \u010cikagu, skoro smo zaboravili da je publika ovako mo\u0107na.<\/p>\n\n\n\n<p class=\"wp-block-paragraph\"><em>Napisali ste pesme za 20 albuma, koliko Vam je te\u0161ko izdvojiti one koje \u0107e se izvoditi na koncertu?<\/em><\/p>\n\n\n\n<p class=\"wp-block-paragraph\">To je uvek problem, onda u prvom delu bacimo akcenat na novije pesme, a sad imamo i novi album, ali neke pesme ne mogu da se presko\u010de i da se zaobi\u0111u, a to su provereni hitovi.<\/p>\n\n\n\n<p class=\"wp-block-paragraph\"><em>Najavili ste uskoro izlazak novog albuma, kada publika moze da ga o\u010dekuje i o \u010demu \u0107ete ovoga puta pevati?<\/em><\/p>\n\n\n\n<p class=\"wp-block-paragraph\">Spremamo novi album, 21. po redu, trebalo bi da se zove \u201cTamna strana sunca\u201d. To su pesme o ljubavi i smrti i prvi je album nakon Mi\u0161inog odlaska. Imali smo sre\u0107u u nesre\u0107i da je jedna Mi\u0161ina pesma ostala, a to je pesma Dve gitare, tako da \u0107e ta pesma iza\u0107i na novom albumu i Mi\u0161a \u0107e i dalje biti sa nama.<\/p>\n\n\n\n<p class=\"wp-block-paragraph\">Zahvalni na dobroj energiji i ljubavi ova dva velika benda, publika \u017eeljna dobrog rock and roll-a upamti\u0107e ovaj koncert po izuzetnoj atmosferi i kvalitetnoj muzici.<\/p>\n\n\n\n<p class=\"wp-block-paragraph\">U publici su bili Generalni konzul Republike Srbije u \u010cikagu Damjan Jovi\u0107 sa suprugom i dva NBA igra\u010da Goran Dragi\u0107 i Nikola Vu\u010devi\u0107.<\/p>\n\n\n\n<p class=\"wp-block-paragraph\">Oba benda, i Riblja \u010corba i Van Gogh&nbsp; su odr\u017eala re\u010d i pru\u017eila najbolje od sebe, obe\u0107avaju\u0107i da ne\u0107e pro\u0107i dugo vremena do slede\u0107eg vi\u0111enja, a nama \u0107e ostati utisci koji \u0107e se premotavati dugo, dugo u na\u0161im mislima i srcima.<\/p>\n\n\n\n<p class=\"wp-block-paragraph\">Galeriju fotografija sa koncerta Riblje \u010dorbe i Van Gogha pogledajte&nbsp;<a href=\"https:\/\/chicagodesavanja.us\/en\/galerija\/PvH82b\/\" target=\"_blank\" rel=\"noreferrer noopener\">here<\/a>.<\/p>\n\n\n\n<p class=\"wp-block-paragraph\" style=\"font-size:10px\">PI\u0160E: ANDRIANA BJEDOV I FOTO: ANDRIANA BJEDOV<\/p>\n\n\n\n<iframe loading=\"lazy\" width=\"100%\" height=\"415\" src=\"https:\/\/www.youtube.com\/embed\/qSmCDwOw2sU\" title=\"YouTube video player\" frameborder=\"0\" allow=\"accelerometer; autoplay; clipboard-write; encrypted-media; gyroscope; picture-in-picture\" allowfullscreen><\/iframe>","protected":false},"excerpt":{"rendered":"<p>Erupcija dobre energije i \u010distog rock and roll-a na jednom mestu dogodila se u subotu 1. oktobra kada su se na bini pojavila dva legendarna benda:&nbsp;Riblja \u010corba i Van Gogh. \u010cak sat vremena pre samog po\u010detka koncerta u prepunom prostoru Joe\u2019s live nestrpljivo se \u010dekalo na prve tonove. Me\u0111u publikom mogle su se primetiti sve [&hellip;]<\/p>\n","protected":false},"author":1,"featured_media":78299,"comment_status":"","ping_status":"","sticky":false,"template":"","format":"standard","meta":{"footnotes":""},"categories":[3822],"tags":[],"class_list":["post-78298","post","type-post","status-publish","format-standard","has-post-thumbnail","hentry","category-uopsteno"],"_links":{"self":[{"href":"https:\/\/chicagodesavanja.us\/en\/wp-json\/wp\/v2\/posts\/78298","targetHints":{"allow":["GET"]}}],"collection":[{"href":"https:\/\/chicagodesavanja.us\/en\/wp-json\/wp\/v2\/posts"}],"about":[{"href":"https:\/\/chicagodesavanja.us\/en\/wp-json\/wp\/v2\/types\/post"}],"author":[{"embeddable":true,"href":"https:\/\/chicagodesavanja.us\/en\/wp-json\/wp\/v2\/users\/1"}],"replies":[{"embeddable":true,"href":"https:\/\/chicagodesavanja.us\/en\/wp-json\/wp\/v2\/comments?post=78298"}],"version-history":[{"count":0,"href":"https:\/\/chicagodesavanja.us\/en\/wp-json\/wp\/v2\/posts\/78298\/revisions"}],"wp:featuredmedia":[{"embeddable":true,"href":"https:\/\/chicagodesavanja.us\/en\/wp-json\/wp\/v2\/media\/78299"}],"wp:attachment":[{"href":"https:\/\/chicagodesavanja.us\/en\/wp-json\/wp\/v2\/media?parent=78298"}],"wp:term":[{"taxonomy":"category","embeddable":true,"href":"https:\/\/chicagodesavanja.us\/en\/wp-json\/wp\/v2\/categories?post=78298"},{"taxonomy":"post_tag","embeddable":true,"href":"https:\/\/chicagodesavanja.us\/en\/wp-json\/wp\/v2\/tags?post=78298"}],"curies":[{"name":"WP","href":"https:\/\/api.w.org\/{rel}","templated":true}]}}