{"id":75151,"date":"2019-10-22T10:30:20","date_gmt":"2019-10-22T15:30:20","guid":{"rendered":"https:\/\/chicagodesavanja.us\/preziveti-beograd\/"},"modified":"2019-10-22T10:30:20","modified_gmt":"2019-10-22T15:30:20","slug":"preziveti-beograd","status":"publish","type":"post","link":"https:\/\/chicagodesavanja.us\/en\/vesti\/preziveti-beograd\/","title":{"rendered":"Preziveti Beograd"},"content":{"rendered":"<p style=\"text-align: justify\">Serija \u201ePre\u017eiveti Beograd\u201c, potvrdila je uspe\u0161nu saradnju TV Pink i \u201eKontrast studiosa\u201c, na \u010dijem je \u010delu legendarni Rado\u0161 Baji\u0107 sa svojom porodicom. Ovoga puta, Baji\u0107i su izabrali autorski tim, te re\u017eiju potpisuje \u0110or\u0111e Stanimirovi\u0107, a scenario \u0110or\u0111e Milosavljevi\u0107, dramaturg i pisac bogate radne biografije, jedan od najcenjenijih i najanga\u017eovanijih scenarista dana\u0161njice.<\/p>\n<p style=\"text-align: justify\">Po re\u010dima Milosavljevi\u0107a, serija \u201ePre\u017eiveti Beograd\u201c je pri\u010da o mladim ljudima koji dolaze u glavni grad iz udaljenih ruralnih sredina, da bi ovde zapo\u010deli novi \u017eivot, ali i razre\u0161ili porodi\u010dne probleme od kojih ne mogu pobe\u0107i.<\/p>\n<p style=\"text-align: justify\">&#8211; Ako bih tra\u017eio neku najta\u010dniju \u017eanrovsku odrednicu, to bi bila savremena, komi\u010dna, gorko-slatka bajka o sazrevanju \u2013 precizira Milosavljevi\u0107 i otkriva da je dramski predlo\u017eak za seriju nastao jo\u0161 pre nekoliko godina. Iz sastanka sa Rado\u0161em Baji\u0107em i ekipom \u201eKontrasta\u201c otvorila se mogu\u0107nost da se rad na njoj nastavi, upravo za TV Pink.<\/p>\n<p style=\"text-align: justify\">&#8211; Najsna\u017eniji utisak ostavile su svakako \u010detiri mlade glumice, Nina Ne\u0161kovi\u0107, Tamara \u0160usti\u0107, Lenka Petrovi\u0107 i Bojana Stojkovi\u0107, koje su svoje uloge izvele ubedljivo, ve\u0161to i sna\u017eno. Pravo je zadovoljstvo gledati ih I uveren sam da ih o\u010dekuje velika gluma\u010dka karijera. Ovo je moja prva saradnja sa rediteljem \u0110or\u0111em Stanimirovi\u0107em i direktorom fotografije Predragom Jo\u010di\u0107em, koji su zaista demonstrirali i profesionalnost, i veliku energiju i iskren entuzijazam glede projekta. Na kraju, bitno je \u0161to u produkcionom pogledu serija izgleda reprezantativno, sa mnogo objekata i velikom ekipom ispred i iza kamere.<\/p>\n<p style=\"text-align: justify\">Ro\u0111eni ste u Ivanjici, koliko je ovo i autobiografska pri\u010da i kako pamtite va\u0161 dolazak u Beograd?<\/p>\n<p style=\"text-align: justify\">&#8211; I Ivanjica i Kragujevac, u kom sam odrastao, mo\u017eda jesu manji, ali su urbani koliko je to i Beograd, pa prelazak i nije bio tako te\u017eak\u2026 Pri\u010da u seriji data je pak u dramski najsna\u017enijem mogu\u0107em obliku, pa junaci sti\u017eu u Beograd iz izuzetno malih, ruralnih sredina, pa dolazak u velegrad za njih zaista predstavlja istinski \u0161ok i ogromnu promenu.<\/p>\n<p style=\"text-align: justify\">Pri\u010da je univerzalna, svaki univerzitetski grad je pro\u017eivljava. Mo\u017eete li da zamislite va\u0161 scenario na kineskom, nema\u010dkom ili engleskom jeziku i \u0161ta bi moralo da se menja u tom slu\u010daju?<\/p>\n<p style=\"text-align: justify\">&#8211; Mislim da je raskorak izme\u0111u urbane i ruralne kulture vrlo \u017eiv u savremenom svetu, i stoga bi pri\u010da mogla da o\u017eivi na svakom od pomenutih jezika. Naravno, \u201ePre\u017eiveti Beograd\u201c bavi se srpskim specifi\u010dnostima ovog raskoraka. U svakoj adaptaciji trebalo bi tra\u017eiti ekvivalente tih lokalnih specifi\u010dnosti.<\/p>\n<p style=\"text-align: justify\">Po \u010demu se \u201ePre\u017eiveti Beograd\u201c izdvaja od ostalih igranih serija?<\/p>\n<p style=\"text-align: justify\">&#8211; I sam se bavim pri\u010dama koje istra\u017euju mra\u010dne apsekte na\u0161e stvarnosti, ali je ova pri\u010da prosto druga\u010dija. Pratimo je iz vizure junakinja koje su u svojoj osnovi dobra, lepa i pristojna ljudska bi\u0107a. U skladu sa njihovim karakterima dramski ton serije je romanti\u010dan, nekad \u010dak i sentimentalan, ali uvek pozitivan i optimisti\u010dan.<\/p>\n<p style=\"text-align: justify\"><span style=\"font-size: 8pt\">Izvor :: Blic<\/span><\/p>","protected":false},"excerpt":{"rendered":"<p>Serija \u201ePre\u017eiveti Beograd\u201c, potvrdila je uspe\u0161nu saradnju TV Pink i \u201eKontrast studiosa\u201c, na \u010dijem je \u010delu legendarni Rado\u0161 Baji\u0107 sa svojom porodicom. Ovoga puta, Baji\u0107i su izabrali autorski tim, te re\u017eiju potpisuje \u0110or\u0111e Stanimirovi\u0107, a scenario \u0110or\u0111e Milosavljevi\u0107, dramaturg i pisac bogate radne biografije, jedan od najcenjenijih i najanga\u017eovanijih scenarista dana\u0161njice. Po re\u010dima Milosavljevi\u0107a, serija [&hellip;]<\/p>\n","protected":false},"author":149,"featured_media":0,"comment_status":"","ping_status":"","sticky":false,"template":"","format":"standard","meta":{"footnotes":""},"categories":[3822],"tags":[],"class_list":["post-75151","post","type-post","status-publish","format-standard","hentry","category-uopsteno"],"_links":{"self":[{"href":"https:\/\/chicagodesavanja.us\/en\/wp-json\/wp\/v2\/posts\/75151","targetHints":{"allow":["GET"]}}],"collection":[{"href":"https:\/\/chicagodesavanja.us\/en\/wp-json\/wp\/v2\/posts"}],"about":[{"href":"https:\/\/chicagodesavanja.us\/en\/wp-json\/wp\/v2\/types\/post"}],"author":[{"embeddable":true,"href":"https:\/\/chicagodesavanja.us\/en\/wp-json\/wp\/v2\/users\/149"}],"replies":[{"embeddable":true,"href":"https:\/\/chicagodesavanja.us\/en\/wp-json\/wp\/v2\/comments?post=75151"}],"version-history":[{"count":0,"href":"https:\/\/chicagodesavanja.us\/en\/wp-json\/wp\/v2\/posts\/75151\/revisions"}],"wp:attachment":[{"href":"https:\/\/chicagodesavanja.us\/en\/wp-json\/wp\/v2\/media?parent=75151"}],"wp:term":[{"taxonomy":"category","embeddable":true,"href":"https:\/\/chicagodesavanja.us\/en\/wp-json\/wp\/v2\/categories?post=75151"},{"taxonomy":"post_tag","embeddable":true,"href":"https:\/\/chicagodesavanja.us\/en\/wp-json\/wp\/v2\/tags?post=75151"}],"curies":[{"name":"WP","href":"https:\/\/api.w.org\/{rel}","templated":true}]}}