{"id":75068,"date":"2020-01-23T09:16:20","date_gmt":"2020-01-23T15:16:20","guid":{"rendered":"https:\/\/chicagodesavanja.us\/juzni-vetar\/"},"modified":"2020-01-23T09:16:20","modified_gmt":"2020-01-23T15:16:20","slug":"juzni-vetar","status":"publish","type":"post","link":"https:\/\/chicagodesavanja.us\/en\/vesti\/juzni-vetar\/","title":{"rendered":"Juzni vetar"},"content":{"rendered":"<p>Bioskopski hit &bdquo;Ju\u017eni vetar&ldquo; koji je oborio sve rekorde gledanosti, od nedelje, 19. januara, prikazuje se kao serija na Prvom programu RTS-a. Ra\u0111en je prema scenariju Petra Mihajlovi\u0107a i Milo&scaron;a Avramovi\u0107a, koji je ujedno i reditelj.<\/p>\n<p>Prve \u010detiri epizode zasnovane su<a href=\"http:\/\/91.222.6.55\/page\/magazine\/ci\/story\/401\/film-i-tv\/3326991\/juzni-vetar--prvi-srpski-film-u-cetvrtoj-dimenziji.html\" target=\"_blank\" rel=\"noopener\">&nbsp;<em><strong>na filmu&nbsp;Ju\u017eni vetar<\/strong><\/em><\/a>, a snimljeno je jo&scaron; 10 novih koje prate uspone i padove ve\u0107 dobro poznatih antiheroja.<\/p>\n<p>Uzbudljiv krimi triler prikazuje savremeni Beograd kroz vizuru pripadnika podzemlja koji svedo\u010de o realnosti, i nizu neuspeha malog \u010doveka u surovom okru\u017eenju. Tema pou\u010dna, upu\u0107ena mladima.<\/p>\n<p>&bdquo;To je jedna brutalna pri\u010da koja je za\u010dinjena humorom, za\u010dinjena dramom, i izrazito uverljivim me\u0111uljudskim odnosima, &scaron;to celoj pri\u010di daje jo&scaron; stra&scaron;niju uverljivost. Tako da, ono &scaron;to je sigurno &ndash; o\u010dekujte jednu zanimljivu, dinami\u010dnu seriju koja \u0107e biti, ako ne na nivou prvog filma, mo\u017eda \u010dak i bolja&ldquo;, ka\u017ee glumac Milo&scaron; Bikovi\u0107.<\/p>\n<p>Petar Mara&scaron; koga tuma\u010di Milo&scaron; Bikovi\u0107, poku&scaron;ava da promeni \u017eivot. Kupio je stazu za karting, napustio dom roditelja i uselio se u novi stan sa dugogodi&scaron;njom devojkom Sofijom, dok banda \u010diji je \u010dlan, koju predvodi iskusni Car, uspe&scaron;no posluje.<\/p>\n<p>&bdquo;Ja se jako radujem, naro\u010dito premijernim epizodama, iz prostog razloga &scaron;to sam radoznao kako \u0107e publika da reaguje na taj novi materijal. Mi smo jako zadovoljni time &scaron;to smo uradili, pa \u010dekamo sad reakciju publike&ldquo;, izjavio je Miodrag Radonji\u0107, producent i glumac.<\/p>\n<p>Tamna strana tranzicije, pre\u017eivljavanje u okolnostima u kojima se svaka gre&scaron;ka skupo pla\u0107a, u dramskoj formi nikoga nisu ostavili ravnodu&scaron;nim.<\/p>\n<p>Nakon bioskopa,&nbsp;<em>Ju\u017eni vetar<\/em>&nbsp;najavljuje i obaranje rekorda televizijske gledanosti.<\/p>\n<p>Izvor |&nbsp;<a href=\"http:\/\/www.rts.rs\/page\/magazine\/sr\/story\/411\/film-i-tv\/3817929\/juzni-vetar-serija-rts-premijera-epizode.html\" target=\"_blank\" rel=\"noopener\">RTS<\/a><\/p>\n<p>&nbsp;<\/p>","protected":false},"excerpt":{"rendered":"<p>Bioskopski hit &bdquo;Ju\u017eni vetar&ldquo; koji je oborio sve rekorde gledanosti, od nedelje, 19. januara, prikazuje se kao serija na Prvom programu RTS-a. Ra\u0111en je prema scenariju Petra Mihajlovi\u0107a i Milo&scaron;a Avramovi\u0107a, koji je ujedno i reditelj. Prve \u010detiri epizode zasnovane su&nbsp;na filmu&nbsp;Ju\u017eni vetar, a snimljeno je jo&scaron; 10 novih koje prate uspone i padove ve\u0107 [&hellip;]<\/p>\n","protected":false},"author":149,"featured_media":75067,"comment_status":"","ping_status":"","sticky":false,"template":"","format":"standard","meta":{"wpai_generated_summary":"","footnotes":""},"categories":[3822],"tags":[],"class_list":["post-75068","post","type-post","status-publish","format-standard","has-post-thumbnail","hentry","category-uopsteno"],"_links":{"self":[{"href":"https:\/\/chicagodesavanja.us\/en\/wp-json\/wp\/v2\/posts\/75068","targetHints":{"allow":["GET"]}}],"collection":[{"href":"https:\/\/chicagodesavanja.us\/en\/wp-json\/wp\/v2\/posts"}],"about":[{"href":"https:\/\/chicagodesavanja.us\/en\/wp-json\/wp\/v2\/types\/post"}],"author":[{"embeddable":true,"href":"https:\/\/chicagodesavanja.us\/en\/wp-json\/wp\/v2\/users\/149"}],"replies":[{"embeddable":true,"href":"https:\/\/chicagodesavanja.us\/en\/wp-json\/wp\/v2\/comments?post=75068"}],"version-history":[{"count":0,"href":"https:\/\/chicagodesavanja.us\/en\/wp-json\/wp\/v2\/posts\/75068\/revisions"}],"wp:featuredmedia":[{"embeddable":true,"href":"https:\/\/chicagodesavanja.us\/en\/wp-json\/wp\/v2\/media\/75067"}],"wp:attachment":[{"href":"https:\/\/chicagodesavanja.us\/en\/wp-json\/wp\/v2\/media?parent=75068"}],"wp:term":[{"taxonomy":"category","embeddable":true,"href":"https:\/\/chicagodesavanja.us\/en\/wp-json\/wp\/v2\/categories?post=75068"},{"taxonomy":"post_tag","embeddable":true,"href":"https:\/\/chicagodesavanja.us\/en\/wp-json\/wp\/v2\/tags?post=75068"}],"curies":[{"name":"WP","href":"https:\/\/api.w.org\/{rel}","templated":true}]}}