{"id":74957,"date":"2020-05-27T03:27:13","date_gmt":"2020-05-27T08:27:13","guid":{"rendered":"https:\/\/chicagodesavanja.us\/drugi-deo-juznog-vetra-stize-2021-godine\/"},"modified":"2020-05-27T03:27:13","modified_gmt":"2020-05-27T08:27:13","slug":"drugi-deo-juznog-vetra-stize-2021-godine","status":"publish","type":"post","link":"https:\/\/chicagodesavanja.us\/en\/vesti\/drugi-deo-juznog-vetra-stize-2021-godine\/","title":{"rendered":"DRUGI DEO \u201cJU\u017dNOG VETRA\u201d STI\u017dE 2021. GODINE"},"content":{"rendered":"<p>Po\u010detkom 2021. godine o\u010dekuje se premijera drugog dela filma \u201cJu\u017eni vetar \u2013 ubrzanje\u201d, otkrio je reditelj Milo\u0161 Avramovi\u0107.<\/p>\n<div class=\"jeg_ad jeg_ad_article jnews_content_inline_ads\">\n<div class=\"ads-wrapper align-right\"><span style=\"font-size: inherit;letter-spacing: normal\">\u201cU planu je da 22. jula krenemo da snimamo film \u201cJu\u017eni vetar 2 \u2013 ubrzanje\u201d i on bi trebalo da bude u bioskopima krajem ove ili po\u010detkom slede\u0107e godine. Na prole\u0107e 2021. godine planiramo da radimo i nastavak serije koja \u0107e imati vi\u0161e delova\u201d, izjavio je Avramovi\u0107 gostuju\u0107i u emisiji \u201cAmiG Show\u201d i dodao:<\/span><\/div>\n<\/div>\n<p>\u201cRazmi\u0161ljamo da \u017eenske likove malo poja\u010damo, jer je do sada zaplet uvek jeo \u017eenske likove, a smatramo da su dovoljno jaki i zanimljivi sami po sebi. Potudi\u0107emo se da u drugoj sezoni to ispravimo i obogatimo takve likove.<\/p>\n<p>Ceo tekst pro\u010ditajte&nbsp;<a href=\"https:\/\/nova.rs\/showbiz\/potvrdeno-drugi-deo-juznog-vetra-stize-2021-godine\/\" target=\"_blank\" rel=\"noreferrer noopener\">OVDE<\/a><\/p>\n<p>Izvor: NOVA<\/p>","protected":false},"excerpt":{"rendered":"<p>Po\u010detkom 2021. godine o\u010dekuje se premijera drugog dela filma \u201cJu\u017eni vetar \u2013 ubrzanje\u201d, otkrio je reditelj Milo\u0161 Avramovi\u0107. \u201cU planu je da 22. jula krenemo da snimamo film \u201cJu\u017eni vetar 2 \u2013 ubrzanje\u201d i on bi trebalo da bude u bioskopima krajem ove ili po\u010detkom slede\u0107e godine. Na prole\u0107e 2021. godine planiramo da radimo i [&hellip;]<\/p>\n","protected":false},"author":149,"featured_media":74320,"comment_status":"","ping_status":"","sticky":false,"template":"","format":"standard","meta":{"footnotes":""},"categories":[620],"tags":[61614,70881,70786,4001],"class_list":["post-74957","post","type-post","status-publish","format-standard","has-post-thumbnail","hentry","category-zabava","tag-61614","tag-drugi-deo","tag-juzni-vetar","tag-milos-bikovic"],"_links":{"self":[{"href":"https:\/\/chicagodesavanja.us\/en\/wp-json\/wp\/v2\/posts\/74957","targetHints":{"allow":["GET"]}}],"collection":[{"href":"https:\/\/chicagodesavanja.us\/en\/wp-json\/wp\/v2\/posts"}],"about":[{"href":"https:\/\/chicagodesavanja.us\/en\/wp-json\/wp\/v2\/types\/post"}],"author":[{"embeddable":true,"href":"https:\/\/chicagodesavanja.us\/en\/wp-json\/wp\/v2\/users\/149"}],"replies":[{"embeddable":true,"href":"https:\/\/chicagodesavanja.us\/en\/wp-json\/wp\/v2\/comments?post=74957"}],"version-history":[{"count":0,"href":"https:\/\/chicagodesavanja.us\/en\/wp-json\/wp\/v2\/posts\/74957\/revisions"}],"wp:featuredmedia":[{"embeddable":true,"href":"https:\/\/chicagodesavanja.us\/en\/wp-json\/wp\/v2\/media\/74320"}],"wp:attachment":[{"href":"https:\/\/chicagodesavanja.us\/en\/wp-json\/wp\/v2\/media?parent=74957"}],"wp:term":[{"taxonomy":"category","embeddable":true,"href":"https:\/\/chicagodesavanja.us\/en\/wp-json\/wp\/v2\/categories?post=74957"},{"taxonomy":"post_tag","embeddable":true,"href":"https:\/\/chicagodesavanja.us\/en\/wp-json\/wp\/v2\/tags?post=74957"}],"curies":[{"name":"WP","href":"https:\/\/api.w.org\/{rel}","templated":true}]}}