{"id":74505,"date":"2021-05-10T09:14:06","date_gmt":"2021-05-10T14:14:06","guid":{"rendered":"https:\/\/chicagodesavanja.us\/posle-romana-deca-zla-tu-je-i-knjiga-ostrvo-pelikana\/"},"modified":"2021-05-10T09:14:06","modified_gmt":"2021-05-10T14:14:06","slug":"posle-romana-deca-zla-tu-je-i-knjiga-ostrvo-pelikana","status":"publish","type":"post","link":"https:\/\/chicagodesavanja.us\/en\/vesti\/posle-romana-deca-zla-tu-je-i-knjiga-ostrvo-pelikana\/","title":{"rendered":"OSTRVO PELIKANA"},"content":{"rendered":"<p class=\"wp-block-paragraph\">Posle romana Deca zla, koji je za godinu i po dana pro\u010ditalo skoro trideset hiljada ljudi, Miodrag Maji\u0107 se ponovo latio pera i podelio je sa nama pri\u010du koja \u0107e nas jo\u0161 jednom navesti da se zagledamo u stvarnost \u0161irom otvorenih o\u010diju i zapitamo se da li je mogu\u0107e sa\u010duvati sebe u dru\u0161tvu u kojem je sudbina pojedinca bezna\u010dajna poput zrnca peska koje vetar raznosi prenose\u0107i ga iz jednog godi\u0161njeg doba u drugo.<\/p>\n\n\n\n<p class=\"wp-block-paragraph\">Pri\u010da o Aj\u0161i i Gabrielu mo\u017ee postati pri\u010da svakoga od nas, ali ta pri\u010da se ve\u0107 sada ti\u010de svih nas i upravo zato \u0107ete ovu knjigu pro\u010ditatu u dahu, a siluete njenih junaka ukotvi\u0107e se duboko u vama, pa se nemojte iznenaditi kad ih budete prepoznali u masi bezimenih i nepoznatih ljudi na ulicama ovog grada, ali i bilo kog drugog grada na svetu.<\/p>\n\n\n\n<p class=\"wp-block-paragraph\">Da li ste zaista spremni da saznate kako je biti \u010dovek koji se vi\u0161e ni\u010dega ne pla\u0161i i kojem je svejedno da li \u0107e posle ovog \u017eivota postati drvo, kamen ili ptica?<\/p>\n\n\n\n<p class=\"wp-block-paragraph\" style=\"font-size:10px\">SOURCE: <a href=\"https:\/\/www.knjizare-vulkan.rs\/domaci-roman\/66178-ostrvo-pelikana\" target=\"_blank\" rel=\"noreferrer noopener\">VULKAN<\/a> I FOTO: VULKAN<\/p>","protected":false},"excerpt":{"rendered":"<p>Posle romana Deca zla, koji je za godinu i po dana pro\u010ditalo skoro trideset hiljada ljudi, Miodrag Maji\u0107 se ponovo latio pera i podelio je sa nama pri\u010du koja \u0107e nas jo\u0161 jednom navesti da se zagledamo u stvarnost \u0161irom otvorenih o\u010diju i zapitamo se da li je mogu\u0107e sa\u010duvati sebe u dru\u0161tvu u kojem [&hellip;]<\/p>\n","protected":false},"author":149,"featured_media":74504,"comment_status":"","ping_status":"","sticky":false,"template":"","format":"standard","meta":{"wpai_generated_summary":"","footnotes":""},"categories":[620],"tags":[70429,70412,71108,26582,42813,70367,54734,70368,47681,45388,34987],"class_list":["post-74505","post","type-post","status-publish","format-standard","has-post-thumbnail","hentry","category-zabava","tag-book","tag-books","tag-deca-zla","tag-knjiga","tag-knjizara","tag-miodrag-majic-2","tag-novi-roman","tag-ostrvo-pelikana","tag-popularno","tag-preporuka","tag-vulkan"],"_links":{"self":[{"href":"https:\/\/chicagodesavanja.us\/en\/wp-json\/wp\/v2\/posts\/74505","targetHints":{"allow":["GET"]}}],"collection":[{"href":"https:\/\/chicagodesavanja.us\/en\/wp-json\/wp\/v2\/posts"}],"about":[{"href":"https:\/\/chicagodesavanja.us\/en\/wp-json\/wp\/v2\/types\/post"}],"author":[{"embeddable":true,"href":"https:\/\/chicagodesavanja.us\/en\/wp-json\/wp\/v2\/users\/149"}],"replies":[{"embeddable":true,"href":"https:\/\/chicagodesavanja.us\/en\/wp-json\/wp\/v2\/comments?post=74505"}],"version-history":[{"count":0,"href":"https:\/\/chicagodesavanja.us\/en\/wp-json\/wp\/v2\/posts\/74505\/revisions"}],"wp:featuredmedia":[{"embeddable":true,"href":"https:\/\/chicagodesavanja.us\/en\/wp-json\/wp\/v2\/media\/74504"}],"wp:attachment":[{"href":"https:\/\/chicagodesavanja.us\/en\/wp-json\/wp\/v2\/media?parent=74505"}],"wp:term":[{"taxonomy":"category","embeddable":true,"href":"https:\/\/chicagodesavanja.us\/en\/wp-json\/wp\/v2\/categories?post=74505"},{"taxonomy":"post_tag","embeddable":true,"href":"https:\/\/chicagodesavanja.us\/en\/wp-json\/wp\/v2\/tags?post=74505"}],"curies":[{"name":"WP","href":"https:\/\/api.w.org\/{rel}","templated":true}]}}