{"id":74333,"date":"2022-03-10T09:04:15","date_gmt":"2022-03-10T15:04:15","guid":{"rendered":"https:\/\/chicagodesavanja.us\/u-klincu\/"},"modified":"2022-03-10T09:04:15","modified_gmt":"2022-03-10T15:04:15","slug":"u-klincu","status":"publish","type":"post","link":"https:\/\/chicagodesavanja.us\/en\/vesti\/u-klincu\/","title":{"rendered":"U KLIN\u010cU"},"content":{"rendered":"<p class=\"wp-block-paragraph\">Po\u010dinje snimanje nove doma\u0107e serije \u201eU klin\u010du\u201c, u zajedni\u010dkoj produkciji Radio-televizije Srbije i produkcijske ku\u0107e \u201eRe\u017eim\u201c.<\/p>\n\n\n\n<p class=\"wp-block-paragraph\">Nova porodi\u010dna serija \u201cU klin\u010du\u201d u kojoj igraju Nikola Kojo, Branka Kati\u0107, trep muzi\u010dar Mihajlo Veruovi\u0107 Voja\u017e i drugi, \u010dije snimanje po\u010dinje i ima\u0107e 30 nastavaka, bi\u0107e prikazivana najverovatnije od septembra, najavili su autori.<\/p>\n\n\n\n<p class=\"wp-block-paragraph\">Producent Milo\u0161 Avramovi\u0107, koji je kreator serije uz Aljo\u0161u \u0106erani\u0107a, rekao je na konferenciji za novinare da su \u017eeleli da mladim i starijim gledaocima ponude \u201cinteresantnu, novu, sve\u017eu porodi\u010dnu seriju sa malo druga\u010dijim pristupom\u201d.<\/p>\n\n\n\n<p class=\"wp-block-paragraph\">\u201eRTS je prepoznao kvalitet projekta i verovao u nas da mo\u017eemo da napravimo super stvar. Mislim da to poverenje ne\u0107emo izneveriti i mislim da nas \u010deka jedna serija koja \u0107e se dugo gledati i voleti, reprizirati i prepri\u010davati\u201c, naveo je Avramovi\u0107.<\/p>\n\n\n\n<p class=\"wp-block-paragraph\">Istakao je da su u projekat, osim iskusne ekipe, \u017eeleli da integri\u0161u mlade ljude, i ispred, i iza kamere, kao i da veruju da \u201eoni mogu da naprave \u010dudo\u201c.<\/p>\n\n\n\n<p class=\"wp-block-paragraph\">U seriji RTS i produkcije ku\u0107e Re\u017eim, Kati\u0107 igra majku dvoje dece Aljo\u0161e i Milice, koje igraju Veruovi\u0107 i Anita Ognjanovi\u0107, udatu za bokserskog \u0161ampiona Velju, kog tuma\u010di Kojo.<\/p>\n\n\n\n<p class=\"wp-block-paragraph\">Reditelj serije Danilo Be\u0107kovi\u0107 rekao je da se nalazi u fazi koja ume da bude neprijatna za reditelje \u2013 kada sve ide suvi\u0161e dobro. Dodao je da je rade\u0107i sa regionalnom muzi\u010dkom zvezdom Mihailom Veruovi\u0107em Voja\u017eom shvatio kako se ameri\u010dki peva\u010di lako prebace u Holivud.<\/p>\n\n\n\n<p class=\"wp-block-paragraph\">\u201eTo je neka vrsta talenta koji su jako bliski. Mi jesmo mnogo radili, ali smo vrlo brzo shvatili da ne\u0107emo imati nikakav problem. Naprotiv, da imamo jednog sjajnog muzi\u010dara, a mislim da \u0107emo dobiti jednog sjajnog glumca\u201c, kazao je Be\u0107kovi\u0107.<\/p>\n\n\n\n<p class=\"wp-block-paragraph\" style=\"font-size:10px\">SOURCE:&nbsp;<a href=\"https:\/\/tvinemania.rs\/pocinje-snimanje-serije-u-klincu\/\" target=\"_blank\" rel=\"noreferrer noopener\">TVINEMANIA<\/a>&nbsp;PHOTO: SCREENSHOT<\/p>","protected":false},"excerpt":{"rendered":"<p>Po\u010dinje snimanje nove doma\u0107e serije \u201eU klin\u010du\u201c, u zajedni\u010dkoj produkciji Radio-televizije Srbije i produkcijske ku\u0107e \u201eRe\u017eim\u201c. Nova porodi\u010dna serija \u201cU klin\u010du\u201d u kojoj igraju Nikola Kojo, Branka Kati\u0107, trep muzi\u010dar Mihajlo Veruovi\u0107 Voja\u017e i drugi, \u010dije snimanje po\u010dinje i ima\u0107e 30 nastavaka, bi\u0107e prikazivana najverovatnije od septembra, najavili su autori. Producent Milo\u0161 Avramovi\u0107, koji je [&hellip;]<\/p>\n","protected":false},"author":149,"featured_media":73435,"comment_status":"","ping_status":"","sticky":false,"template":"","format":"standard","meta":{"footnotes":""},"categories":[620],"tags":[68421,70356,34419,45388,4327,12659,70544,68717,2469],"class_list":["post-74333","post","type-post","status-publish","format-standard","has-post-thumbnail","hentry","category-zabava","tag-info","tag-info-sekcija","tag-premijera","tag-preporuka","tag-serija","tag-tv","tag-u-klincu","tag-uskoro","tag-voyage"],"_links":{"self":[{"href":"https:\/\/chicagodesavanja.us\/en\/wp-json\/wp\/v2\/posts\/74333","targetHints":{"allow":["GET"]}}],"collection":[{"href":"https:\/\/chicagodesavanja.us\/en\/wp-json\/wp\/v2\/posts"}],"about":[{"href":"https:\/\/chicagodesavanja.us\/en\/wp-json\/wp\/v2\/types\/post"}],"author":[{"embeddable":true,"href":"https:\/\/chicagodesavanja.us\/en\/wp-json\/wp\/v2\/users\/149"}],"replies":[{"embeddable":true,"href":"https:\/\/chicagodesavanja.us\/en\/wp-json\/wp\/v2\/comments?post=74333"}],"version-history":[{"count":0,"href":"https:\/\/chicagodesavanja.us\/en\/wp-json\/wp\/v2\/posts\/74333\/revisions"}],"wp:featuredmedia":[{"embeddable":true,"href":"https:\/\/chicagodesavanja.us\/en\/wp-json\/wp\/v2\/media\/73435"}],"wp:attachment":[{"href":"https:\/\/chicagodesavanja.us\/en\/wp-json\/wp\/v2\/media?parent=74333"}],"wp:term":[{"taxonomy":"category","embeddable":true,"href":"https:\/\/chicagodesavanja.us\/en\/wp-json\/wp\/v2\/categories?post=74333"},{"taxonomy":"post_tag","embeddable":true,"href":"https:\/\/chicagodesavanja.us\/en\/wp-json\/wp\/v2\/tags?post=74333"}],"curies":[{"name":"WP","href":"https:\/\/api.w.org\/{rel}","templated":true}]}}