{"id":73905,"date":"2023-02-14T13:04:01","date_gmt":"2023-02-14T19:04:01","guid":{"rendered":"https:\/\/chicagodesavanja.us\/beleznica-profesora-miskovica-2\/"},"modified":"2023-02-14T13:04:01","modified_gmt":"2023-02-14T19:04:01","slug":"beleznica-profesora-miskovica-2","status":"publish","type":"post","link":"https:\/\/chicagodesavanja.us\/en\/vesti\/beleznica-profesora-miskovica-2\/","title":{"rendered":"BELE\u017dNICA PROFESORA MI\u0160KOVI\u0106A 2"},"content":{"rendered":"<p class=\"wp-block-paragraph\">Druga sezona &#8222;Bele\u017enica profesora Mi\u0161kovi\u0107a\u201c bi\u0107e premijerno prikazivana od 20. februara, svakog radnog dana, na Superstar kanalu, najavila je ekipa serije.<\/p>\n\n\n\n<p class=\"wp-block-paragraph\">Reditelj Miroslav Leki\u0107 je rekao na konferenciji za novinare da se nastavak serije bavi natprirodnim i nau\u010dno neobja\u0161njivim stvarima, a da bi dali ma\u0161ti na volju autori su upotrebili oko 80 minuta specijalnih kompjuterskih efekata.<\/p>\n\n\n\n<p class=\"wp-block-paragraph\">&#8222;Jedino ograni\u010denje je bila ma\u0161ta. Napravili smo svet ograni\u010den ivicama ma\u0161te. Da li je realan ili ne, potpun je svejedno&#8220;, naglasio je Leki\u0107 na konferenciji za novinare.<\/p>\n\n\n\n<p class=\"wp-block-paragraph\">&#8222;Bele\u017enica profesora Mi\u0161kovi\u0107a&#8220;, ra\u0111ena je na osnovu istoimene knjige Ratka Dmitrovi\u0107a, u drugoj sezoni vodi gledaoce od rimskog Viminacijuma 441. i opsade hunskog vojskovo\u0111e Atile, do 2003. godine.<\/p>\n\n\n\n<p class=\"wp-block-paragraph\">&#8222;Na\u0161e putovanje nije dijalo\u0161kog tipa. Sve smo kompletno vizualizovali. Vide\u0107e publika kako je izgledao Viminacijum. Napravili smo prionirski poduhvat u smislu otvaranja jednog novog \u017eanra&#8220;, naveo je Leki\u0107.<\/p>\n\n\n\n<p class=\"wp-block-paragraph\">U seriji ra\u0111enoj u produkciji Telekoma Srbije, po istoimenoj knjizi Ratka Dmitrovi\u0107a, junaci prate tragove \u0161irom Srbije, otkrivaju\u0107i njene misti\u010dne delove i karakteristike i nastavljaju svoju potragu za tajnom skrivenom u bele\u017enici.<\/p>\n\n\n\n<p class=\"wp-block-paragraph\">Novih 14 nastavaka &#8222;Bele\u017enice profesora Mi\u0161kovi\u0107a&#8220; snimljeno je u Viminacijumu, Titelu, \u0110erdapu, dok je glavna lokacija bila planina Rtanj.<\/p>\n\n\n\n<p class=\"wp-block-paragraph\">U seriji igraju Anica Dobra, Svetozar Cvetkovi\u0107, Aleksandar Sre\u0107kovi\u0107 Kubura, Isidora Gra\u0111anin, Tijana \u010curovi\u0107, Danica Radulovi\u0107, Milo\u0161 Samolov, Isidora Jankovi\u0107 i drugi.<\/p>\n\n\n\n<p class=\"wp-block-paragraph\" style=\"font-size:10px\">SOURCE:&nbsp;<a href=\"https:\/\/www.telegraf.rs\/pop-i-kultura\/film-tv\/3630332-najavljena-druga-sezona-beleznice-profesora-miskovica\" target=\"_blank\" rel=\"noreferrer noopener\">Telegraph<\/a>&nbsp;I FOTO: JADRANKA ILIC<\/p>","protected":false},"excerpt":{"rendered":"<p>Druga sezona &#8222;Bele\u017enica profesora Mi\u0161kovi\u0107a\u201c bi\u0107e premijerno prikazivana od 20. februara, svakog radnog dana, na Superstar kanalu, najavila je ekipa serije. Reditelj Miroslav Leki\u0107 je rekao na konferenciji za novinare da se nastavak serije bavi natprirodnim i nau\u010dno neobja\u0161njivim stvarima, a da bi dali ma\u0161ti na volju autori su upotrebili oko 80 minuta specijalnih kompjuterskih [&hellip;]<\/p>\n","protected":false},"author":149,"featured_media":73904,"comment_status":"","ping_status":"","sticky":false,"template":"","format":"standard","meta":{"footnotes":""},"categories":[620],"tags":[70643,70165,70644,52323,3282,68717],"class_list":["post-73905","post","type-post","status-publish","format-standard","has-post-thumbnail","hentry","category-zabava","tag-beleznica-profesora-miskovica","tag-druga-sezona","tag-momcilo-otasevic","tag-produkcija","tag-snimanje","tag-uskoro"],"_links":{"self":[{"href":"https:\/\/chicagodesavanja.us\/en\/wp-json\/wp\/v2\/posts\/73905","targetHints":{"allow":["GET"]}}],"collection":[{"href":"https:\/\/chicagodesavanja.us\/en\/wp-json\/wp\/v2\/posts"}],"about":[{"href":"https:\/\/chicagodesavanja.us\/en\/wp-json\/wp\/v2\/types\/post"}],"author":[{"embeddable":true,"href":"https:\/\/chicagodesavanja.us\/en\/wp-json\/wp\/v2\/users\/149"}],"replies":[{"embeddable":true,"href":"https:\/\/chicagodesavanja.us\/en\/wp-json\/wp\/v2\/comments?post=73905"}],"version-history":[{"count":0,"href":"https:\/\/chicagodesavanja.us\/en\/wp-json\/wp\/v2\/posts\/73905\/revisions"}],"wp:featuredmedia":[{"embeddable":true,"href":"https:\/\/chicagodesavanja.us\/en\/wp-json\/wp\/v2\/media\/73904"}],"wp:attachment":[{"href":"https:\/\/chicagodesavanja.us\/en\/wp-json\/wp\/v2\/media?parent=73905"}],"wp:term":[{"taxonomy":"category","embeddable":true,"href":"https:\/\/chicagodesavanja.us\/en\/wp-json\/wp\/v2\/categories?post=73905"},{"taxonomy":"post_tag","embeddable":true,"href":"https:\/\/chicagodesavanja.us\/en\/wp-json\/wp\/v2\/tags?post=73905"}],"curies":[{"name":"WP","href":"https:\/\/api.w.org\/{rel}","templated":true}]}}