{"id":73901,"date":"2023-02-14T14:23:39","date_gmt":"2023-02-14T20:23:39","guid":{"rendered":"https:\/\/chicagodesavanja.us\/indigo-kristal-video\/"},"modified":"2023-02-14T14:23:39","modified_gmt":"2023-02-14T20:23:39","slug":"indigo-kristal-video","status":"publish","type":"post","link":"https:\/\/chicagodesavanja.us\/en\/vesti\/indigo-kristal-video\/","title":{"rendered":"INDIGO KRISTAL (VIDEO)"},"content":{"rendered":"<p class=\"wp-block-paragraph\">Ta\u010dno godinu dana od kada je pala prva klapa,&nbsp;pred publiku sti\u017ee prvi trejler za film &#8222;Indigo kristal&#8220;, \u010dija je velika beogradska premijera zakazana za 7. mart.&nbsp;Socijalnu dramu \u010dija se radnja de\u0161ava u \u010detiri dana,&nbsp;re\u017eirao je mladi reditelj Luka Mihailovi\u0107 kome je ovo debitantski film, a glavne uloge poverene su Miodragu Radonji\u0107u, Nini Jankovi\u0107, Denisu Muri\u0107u i Pavlu Mensuru.<\/p>\n\n\n\n<p class=\"wp-block-paragraph\">Radnja filma sme\u0161tena je u \u0160apcu, gde pratimo tridesetogodi\u0161njeg Vuka, koji izlazi iz zatvora na uslovnu slobodu nakon \u0161to je odle\u017eao osam godina. Uz pretnju da se vra\u0107a u zatvor ako napravi i najsitnije delo, Vuk po\u010dinje svoj proces asimilacije u dru\u0161tvo, me\u0111utim konstantno ulazi u situacije koje aludiraju na stari \u017eivot. Njegov li\u010dni krik za pomo\u0107, ujedno je i simboli\u010dni generacijski krik za razumevanjem i poku\u0161ajem da se vrate na pravi put.<\/p>\n\n\n\n<p class=\"wp-block-paragraph\">&#8222;Ovo je pre svega generacijski film koji se bavi kolektivnim odnosima u vremenu u kom \u017eivimo. Glavni lik ovog filma je kolektiv &#8211; sistem vrednosti u kome \u017eivimo. Izbor da se snima \u201cansambl film\u201d je potreba da se zabele\u017ei svedo\u010danstvo vremena kome pripadamo&#8220;, naveo je glavni glumac i producent Miodrag Radonji\u0107.<\/p>\n\n\n\n<p class=\"wp-block-paragraph\">Kompleksan, ali veoma savremen tekst napisao je reditelj Luka Mihailovi\u0107, a kao producenti ceo projekat su podr\u017eali Miodrag Radonji\u0107 i Milo\u0161 Avramovi\u0107, odnosno producentske ku\u0107e Arhangel Studios, Re\u017eim, kao i RTS.<\/p>\n\n\n\n<p class=\"wp-block-paragraph\">U ostalim ulogama gleda\u0107emo i Milo\u0161a Petrovi\u0107a Trojpeca, Milo\u0161a \u0110urovi\u0107a, Mateju Popovi\u0107a, Goricu Popovi\u0107 i Milana \u010cu\u010dilovi\u0107a, a kao specijalni gosti na filmu se pojavljuju i frontmeni grupe Crni cerak \u2013 Relja Despotovi\u0107 i \u0110or\u0111e Bibi\u0107, koji su ujedno uradili u muziku za ovaj film.<\/p>\n\n\n\n<p class=\"wp-block-paragraph\">Film &#8222;Indigo kristal&#8220; nakon beogradske premijere o\u010dekuje poseta i drugim gradovima u Srbiji, a u redovnom bioskopskom repertoaru \u0107e se na\u0107i od 9. marta \u0161irom zemlje i regiona. Distribucija filma radi\u0107e distributerska ki\u0107a Art Vista.<\/p>\n\n\n\n<p class=\"wp-block-paragraph\" style=\"font-size:10px\">SOURCE:\u00a0<a href=\"https:\/\/www.telegraf.rs\/pop-i-kultura\/film-tv\/3630792-objavljen-prvi-trejler-za-film-indigo-kristal\" target=\"_blank\" rel=\"noreferrer noopener\">Telegraph<\/a>\u00a0I FOTO: PROMO\/ VLADIMIR MILIVOJEVI\u0106<\/p>","protected":false},"excerpt":{"rendered":"<p>Ta\u010dno godinu dana od kada je pala prva klapa,&nbsp;pred publiku sti\u017ee prvi trejler za film &#8222;Indigo kristal&#8220;, \u010dija je velika beogradska premijera zakazana za 7. mart.&nbsp;Socijalnu dramu \u010dija se radnja de\u0161ava u \u010detiri dana,&nbsp;re\u017eirao je mladi reditelj Luka Mihailovi\u0107 kome je ovo debitantski film, a glavne uloge poverene su Miodragu Radonji\u0107u, Nini Jankovi\u0107, Denisu Muri\u0107u [&hellip;]<\/p>\n","protected":false},"author":149,"featured_media":73513,"comment_status":"","ping_status":"","sticky":false,"template":"","format":"standard","meta":{"footnotes":""},"categories":[620],"tags":[2176,70641,70356,64812,34419,52323,68717,42805],"class_list":["post-73901","post","type-post","status-publish","format-standard","has-post-thumbnail","hentry","category-zabava","tag-film","tag-indigo-kristal","tag-info-sekcija","tag-movie","tag-premijera","tag-produkcija","tag-uskoro","tag-video"],"_links":{"self":[{"href":"https:\/\/chicagodesavanja.us\/en\/wp-json\/wp\/v2\/posts\/73901","targetHints":{"allow":["GET"]}}],"collection":[{"href":"https:\/\/chicagodesavanja.us\/en\/wp-json\/wp\/v2\/posts"}],"about":[{"href":"https:\/\/chicagodesavanja.us\/en\/wp-json\/wp\/v2\/types\/post"}],"author":[{"embeddable":true,"href":"https:\/\/chicagodesavanja.us\/en\/wp-json\/wp\/v2\/users\/149"}],"replies":[{"embeddable":true,"href":"https:\/\/chicagodesavanja.us\/en\/wp-json\/wp\/v2\/comments?post=73901"}],"version-history":[{"count":0,"href":"https:\/\/chicagodesavanja.us\/en\/wp-json\/wp\/v2\/posts\/73901\/revisions"}],"wp:featuredmedia":[{"embeddable":true,"href":"https:\/\/chicagodesavanja.us\/en\/wp-json\/wp\/v2\/media\/73513"}],"wp:attachment":[{"href":"https:\/\/chicagodesavanja.us\/en\/wp-json\/wp\/v2\/media?parent=73901"}],"wp:term":[{"taxonomy":"category","embeddable":true,"href":"https:\/\/chicagodesavanja.us\/en\/wp-json\/wp\/v2\/categories?post=73901"},{"taxonomy":"post_tag","embeddable":true,"href":"https:\/\/chicagodesavanja.us\/en\/wp-json\/wp\/v2\/tags?post=73901"}],"curies":[{"name":"WP","href":"https:\/\/api.w.org\/{rel}","templated":true}]}}