{"id":73811,"date":"2023-03-17T11:14:54","date_gmt":"2023-03-17T16:14:54","guid":{"rendered":"https:\/\/chicagodesavanja.us\/generacija-tesla\/"},"modified":"2023-03-17T11:14:54","modified_gmt":"2023-03-17T16:14:54","slug":"generacija-tesla","status":"publish","type":"post","link":"https:\/\/chicagodesavanja.us\/en\/vesti\/generacija-tesla\/","title":{"rendered":"GENERACIJA TESLA"},"content":{"rendered":"<p class=\"wp-block-paragraph\">Generacija Tesla&nbsp;prva je srpska serija o superherojima koja nastaje u kinematografskoj radionici produkciji&nbsp;Firefly.<\/p>\n\n\n\n<p class=\"wp-block-paragraph\">Serija je zasnovana na kultnom stripu&nbsp;Milana Konjevi\u0107a&nbsp;i&nbsp;Milana Todorovi\u0107a&nbsp;iz 90-ih, koji \u0107e re\u017eirati ovu seriju, a po\u010detak snimanja zakazan je za 2024. godinu.<\/p>\n\n\n\n<p class=\"wp-block-paragraph\">Produkcijska ku\u0107a&nbsp;Firefly&nbsp;najavila je novu seriju \u201eGeneracija Tesla\u201e, koja \u0107e biti prva srpska serija o superheroijma, prenosi Varety.<\/p>\n\n\n\n<p class=\"wp-block-paragraph\">Radnja serije \u201eGeneracija Tesla\u201c bi\u0107e o poznatom pronalaza\u010du Nikoli Tesli, koji pravi novu elektri\u010dnu frekvenciju koja \u0107e otvoriti portal ka novoj dimenziji, gde je sakriveno mno\u0161tvo njegovih nezavr\u0161enih projekata i ideja.<\/p>\n\n\n\n<p class=\"wp-block-paragraph\">Tesla mora da se bori protiv najve\u0107eg neprijatelja \u010dove\u010danstva, koji \u017eeli da ukrade tajnu ove frekvencije da bi zavladao svetom, a kako bi se borio protiv njega, \u010duveni nau\u010dnik \u0107e formirati svoj tim superheroja, sa kojima \u0107e stupiti u kontakt preko tinejd\u017eera koji igra video igrice.<\/p>\n\n\n\n<p class=\"wp-block-paragraph\">Serija je zasnovana na kultnom stripu Milana Konjevi\u0107a i Milana Todorovi\u0107a iz 90-ih, koji \u0107e re\u017eirati ovu seriju, a po\u010detak snimanja zakazan je za 2024. godinu.<\/p>\n\n\n\n<p class=\"wp-block-paragraph\">Ovaj dvojac je prethodno ve\u0107 re\u017eirao par epizoda nau\u010dno -fantasti\u010dne serije \u201eThe Ark\u201e, koja se ove nedelje prikazuje na Berlinale Series Market TV, a radili su i na fantasti\u010dnoj seriji \u201eThe Outpost\u201e.<\/p>\n\n\n\n<p class=\"wp-block-paragraph\" style=\"font-size:10px\">SOURCE:&nbsp;<a href=\"https:\/\/filmitv.rs\/2023\/03\/01\/generacija-tesla-stize-prva-srpska-serija-o-superherojima-evo-ko-ce-nikoli-tesli-pomoci-da-spase-svet\/\" target=\"_blank\" rel=\"noreferrer noopener\">FILMITV<\/a>&nbsp;PHOTO: SCREENSHOT<\/p>","protected":false},"excerpt":{"rendered":"<p>Generacija Tesla&nbsp;prva je srpska serija o superherojima koja nastaje u kinematografskoj radionici produkciji&nbsp;Firefly. Serija je zasnovana na kultnom stripu&nbsp;Milana Konjevi\u0107a&nbsp;i&nbsp;Milana Todorovi\u0107a&nbsp;iz 90-ih, koji \u0107e re\u017eirati ovu seriju, a po\u010detak snimanja zakazan je za 2024. godinu. Produkcijska ku\u0107a&nbsp;Firefly&nbsp;najavila je novu seriju \u201eGeneracija Tesla\u201e, koja \u0107e biti prva srpska serija o superheroijma, prenosi Varety. Radnja serije \u201eGeneracija [&hellip;]<\/p>\n","protected":false},"author":149,"featured_media":73438,"comment_status":"","ping_status":"","sticky":false,"template":"","format":"standard","meta":{"footnotes":""},"categories":[620],"tags":[70549,70550,12615,45474,34419,52323,68717],"class_list":["post-73811","post","type-post","status-publish","format-standard","has-post-thumbnail","hentry","category-zabava","tag-firefly","tag-generacija-tesla","tag-nikola-tesla","tag-novo","tag-premijera","tag-produkcija","tag-uskoro"],"_links":{"self":[{"href":"https:\/\/chicagodesavanja.us\/en\/wp-json\/wp\/v2\/posts\/73811","targetHints":{"allow":["GET"]}}],"collection":[{"href":"https:\/\/chicagodesavanja.us\/en\/wp-json\/wp\/v2\/posts"}],"about":[{"href":"https:\/\/chicagodesavanja.us\/en\/wp-json\/wp\/v2\/types\/post"}],"author":[{"embeddable":true,"href":"https:\/\/chicagodesavanja.us\/en\/wp-json\/wp\/v2\/users\/149"}],"replies":[{"embeddable":true,"href":"https:\/\/chicagodesavanja.us\/en\/wp-json\/wp\/v2\/comments?post=73811"}],"version-history":[{"count":0,"href":"https:\/\/chicagodesavanja.us\/en\/wp-json\/wp\/v2\/posts\/73811\/revisions"}],"wp:featuredmedia":[{"embeddable":true,"href":"https:\/\/chicagodesavanja.us\/en\/wp-json\/wp\/v2\/media\/73438"}],"wp:attachment":[{"href":"https:\/\/chicagodesavanja.us\/en\/wp-json\/wp\/v2\/media?parent=73811"}],"wp:term":[{"taxonomy":"category","embeddable":true,"href":"https:\/\/chicagodesavanja.us\/en\/wp-json\/wp\/v2\/categories?post=73811"},{"taxonomy":"post_tag","embeddable":true,"href":"https:\/\/chicagodesavanja.us\/en\/wp-json\/wp\/v2\/tags?post=73811"}],"curies":[{"name":"WP","href":"https:\/\/api.w.org\/{rel}","templated":true}]}}