{"id":73601,"date":"2026-02-21T20:23:12","date_gmt":"2026-02-22T02:23:12","guid":{"rendered":"https:\/\/chicagodesavanja.us\/belo-se-pere-na-devedeset\/"},"modified":"2026-02-21T20:23:12","modified_gmt":"2026-02-22T02:23:12","slug":"belo-se-pere-na-devedeset","status":"publish","type":"post","link":"https:\/\/chicagodesavanja.us\/en\/vesti\/belo-se-pere-na-devedeset\/","title":{"rendered":"BELO SE PERE NA DEVEDESET"},"content":{"rendered":"<p class=\"wp-block-paragraph\">Nova emotivna drama \u201eBelo se pere na devedeset\u201c, u kojoj zapa\u017eenu ulogu tuma\u010di Anica Dobra, sti\u017ee u doma\u0107e bioskope i donosi sna\u017enu, istinitu pri\u010du o odrastanju, gubitku i borbi sa bole\u0161\u0107u. Film je ra\u0111en po istoimenom bestseleru Bronje \u017dakelj, a re\u017eiju potpisuje Marko Naber\u0161nik.<\/p>\n\n\n\n<p class=\"wp-block-paragraph\">Ostvarenje prati \u017eivot Bronje od bezbri\u017enog detinjstva, obele\u017eenog ljubavlju prema mla\u0111em bratu i baki, do traumati\u010dnih trenutaka koji menjaju njen svet. Smrt majke od raka prekida detinjstvo, a u kasnijim godinama Bronja se suo\u010dava sa sopstvenom dijagnozom \u2013 Ho\u010dkinovim limfomom. Film oslikava njeno sazrevanje tokom osamdesetih i devedesetih godina, ali i unutra\u0161nju snagu koja joj poma\u017ee da prona\u0111e smisao uprkos gubicima.<\/p>\n\n\n\n<p class=\"wp-block-paragraph\">Anica Dobra isti\u010de da film ne te\u017ei spektaklu, ve\u0107 suptilno gradi intimni mikrokosmos jedne porodice. Re\u010d je o pri\u010di o potisnutim traumama, porodi\u010dnim mitologijama i ti\u0161ini koja ponekad govori glasnije od re\u010di. \u201eTo je film o tome kako se porodice na na\u0161im prostorima vole nespretno, ponekad pogre\u0161no, ali duboko\u201c, poru\u010dila je glumica.<\/p>\n\n\n\n<p class=\"wp-block-paragraph\">Reditelj Naber\u0161nik nagla\u0161ava da ga je roman odmah osvojio iskreno\u0161\u0107u i optimizmom, uprkos te\u0161kim temama. Cilj je bio da se sa\u010duva autenti\u010dnost knji\u017eevnog predlo\u0161ka i preto\u010di u sna\u017ean filmski jezik.<\/p>\n\n\n\n<p class=\"wp-block-paragraph\">U filmu igra i impresivna regionalna gluma\u010dka ekipa, a specijalna projekcija zakazana je u Novom Sadu. \u201eBelo se pere na devedeset\u201c je pri\u010da o gubitku, ali i o nadi \u2013 o belini koja ostaje \u010dak i kada \u017eivot potamni.<\/p>\n\n\n\n<p class=\"wp-block-paragraph\" style=\"font-size:10px\">SOURCE:\u00a0<a href=\"https:\/\/24sedam.rs\/kultura\/24-sata-kulture\/443622\/novi-film-anice-dobre-stize-u-bioskope\/vest\" target=\"_blank\" rel=\"noreferrer noopener\">24SEDAM<\/a>, PHOTO: PRINTSCREEN<\/p>\n\n\n\n<figure class=\"wp-block-embed is-type-video is-provider-youtube wp-block-embed-youtube wp-embed-aspect-16-9 wp-has-aspect-ratio\"><div class=\"wp-block-embed__wrapper\">\n<iframe loading=\"lazy\" title=\"BELO SE PERE NA DEVEDESET - zvani\u010dni trejler (Marko Naber\u0161nik)\" width=\"500\" height=\"281\" src=\"https:\/\/www.youtube.com\/embed\/aoo2neCJIBg?feature=oembed\" frameborder=\"0\" allow=\"accelerometer; autoplay; clipboard-write; encrypted-media; gyroscope; picture-in-picture; web-share\" referrerpolicy=\"strict-origin-when-cross-origin\" allowfullscreen><\/iframe>\n<\/div><\/figure>","protected":false},"excerpt":{"rendered":"<p>Nova emotivna drama \u201eBelo se pere na devedeset\u201c, u kojoj zapa\u017eenu ulogu tuma\u010di Anica Dobra, sti\u017ee u doma\u0107e bioskope i donosi sna\u017enu, istinitu pri\u010du o odrastanju, gubitku i borbi sa bole\u0161\u0107u. Film je ra\u0111en po istoimenom bestseleru Bronje \u017dakelj, a re\u017eiju potpisuje Marko Naber\u0161nik. Ostvarenje prati \u017eivot Bronje od bezbri\u017enog detinjstva, obele\u017eenog ljubavlju prema mla\u0111em [&hellip;]<\/p>\n","protected":false},"author":149,"featured_media":13772,"comment_status":"","ping_status":"","sticky":false,"template":"","format":"standard","meta":{"footnotes":""},"categories":[620],"tags":[10323,10324,10325,10326,10327,10328,10329,10330,10331,10332],"class_list":["post-73601","post","type-post","status-publish","format-standard","has-post-thumbnail","hentry","category-zabava","tag-anica-dobra","tag-belo-se-pere-na-devedeset","tag-bronja-zakelj","tag-domaci-film","tag-emotivna-drama","tag-hockinov-limfom","tag-istinita-prica","tag-marko-nabersnik","tag-novi-film-u-bioskopima","tag-porodicna-prica"],"_links":{"self":[{"href":"https:\/\/chicagodesavanja.us\/en\/wp-json\/wp\/v2\/posts\/73601","targetHints":{"allow":["GET"]}}],"collection":[{"href":"https:\/\/chicagodesavanja.us\/en\/wp-json\/wp\/v2\/posts"}],"about":[{"href":"https:\/\/chicagodesavanja.us\/en\/wp-json\/wp\/v2\/types\/post"}],"author":[{"embeddable":true,"href":"https:\/\/chicagodesavanja.us\/en\/wp-json\/wp\/v2\/users\/149"}],"replies":[{"embeddable":true,"href":"https:\/\/chicagodesavanja.us\/en\/wp-json\/wp\/v2\/comments?post=73601"}],"version-history":[{"count":0,"href":"https:\/\/chicagodesavanja.us\/en\/wp-json\/wp\/v2\/posts\/73601\/revisions"}],"wp:featuredmedia":[{"embeddable":true,"href":"https:\/\/chicagodesavanja.us\/en\/wp-json\/wp\/v2\/media\/13772"}],"wp:attachment":[{"href":"https:\/\/chicagodesavanja.us\/en\/wp-json\/wp\/v2\/media?parent=73601"}],"wp:term":[{"taxonomy":"category","embeddable":true,"href":"https:\/\/chicagodesavanja.us\/en\/wp-json\/wp\/v2\/categories?post=73601"},{"taxonomy":"post_tag","embeddable":true,"href":"https:\/\/chicagodesavanja.us\/en\/wp-json\/wp\/v2\/tags?post=73601"}],"curies":[{"name":"WP","href":"https:\/\/api.w.org\/{rel}","templated":true}]}}