{"id":43414,"date":"2020-11-09T04:47:00","date_gmt":"2020-11-09T04:47:00","guid":{"rendered":"https:\/\/chicagodesavanja.us\/millennium-park-uskoro-se-postavlja-jelka-bez-klizanja-ove-godine\/"},"modified":"2020-11-09T04:47:00","modified_gmt":"2020-11-09T04:47:00","slug":"millennium-park-uskoro-se-postavlja-jelka-bez-klizanja-ove-godine","status":"publish","type":"post","link":"https:\/\/chicagodesavanja.us\/en\/vesti\/millennium-park-uskoro-se-postavlja-jelka-bez-klizanja-ove-godine\/","title":{"rendered":"Millennium Park: Uskoro se postavlja jelka, bez klizanja ove godine"},"content":{"rendered":"<p class=\"wp-block-paragraph\">Ve\u0107 107. godinu zaredom, jelka \u0107e biti postavljena i ove zime u Millennium Park. Me\u0111utim, ove godine ne\u0107e biti popularnog klizanja, najavljuje grad.<\/p>\n\n\n\n<p class=\"wp-block-paragraph\">Gradona\u010delnica Lori Lajtfut i Odeljenje za kulturna pitanja i posebne doga\u0111aje u \u010cikagu izjavili su u petak da \u0107e zvani\u010dno jelka od 45 stopa biti podignuta 19. novembra i da \u0107e stajati na tom mestu do 7. januara.<\/p>\n\n\n\n<p class=\"wp-block-paragraph\">\u201eUprkos istorijskim izazovima zbog pandemije virusa kovid 19, potrudili smo se da na\u0111emo izvodljiva re\u0161enja koja podr\u017eavaju na\u0161e porodice, \u0161tite na\u0161e zajednice i ujedinjuju nas tokom ovog trenutka bez presedana\u201c, rekla je Lajtfut.<\/p>\n\n\n\n<p class=\"wp-block-paragraph\">Zbog zabrinutosti, DCASE je rekao da ne\u0107e biti ceremonije osvetljenja jelka za javnost. Me\u0111utim, gra\u0111ani \u010cikaga \u0107e mo\u0107i da prisustvuju virtuelnom doga\u0111aju u 6:30 p.m. 19. novembra putem <a href=\"https:\/\/www.youtube.com\/ChicagoDCASE\" target=\"_blank\" rel=\"noopener\">ovog linka<\/a>.<\/p>\n\n\n\n<p class=\"wp-block-paragraph\">Drvo se mo\u017ee videti u Millennium Parku sa avenije Michigan i ulice Washington.<\/p>\n\n\n\n<p class=\"wp-block-paragraph\">Park je otvoren svakodnevno od 8 a.m. do 9 p.m. za grupe od 10 ljudi ili manje. Obavezno je no\u0161enje maski i po\u0161tovanje socijalnog distanciranja.<\/p>\n\n\n\n<p class=\"wp-block-paragraph\">Zvani\u010dnici su najavili da klizali\u0161te Millennium Park McCormick Tribune ne\u0107e biti otvoreno ove zimske sezone. Traka za klizanje na ledu Maggie Daley Park bi\u0107e otvorena za javnost od 20. novembra sa ograni\u010denjima.<\/p>\n\n\n\n<p class=\"wp-block-paragraph\">Gradske vlasti rekle su da \u0107e nova umetni\u010dka instalacija biti otkrivena na trgu Wrigley u decembru ove godine u \u010dast izgubljenih \u017eivota od koronavirusa u \u010cikagu.<\/p>\n\n\n\n<p class=\"wp-block-paragraph\">You can find more information <a href=\"https:\/\/www.nbcchicago.com\/news\/local\/millennium-park-christmas-tree-returns-without-ice-skating-this-winter\/2365595\/\" target=\"_blank\" rel=\"noopener\">here<\/a>.<\/p>\n\n\n\n<p class=\"wp-block-paragraph\" style=\"font-size:10px\">IZVOR: NBC CHICAGO FOTO: TIME OUT<\/p>","protected":false},"excerpt":{"rendered":"<p>Ve\u0107 107. godinu zaredom, jelka \u0107e biti postavljena i ove zime u Millennium Park. Me\u0111utim, ove godine ne\u0107e biti popularnog klizanja, najavljuje grad. Gradona\u010delnica Lori Lajtfut i Odeljenje za kulturna pitanja i posebne doga\u0111aje u \u010cikagu izjavili su u petak da \u0107e zvani\u010dno jelka od 45 stopa biti podignuta 19. novembra i da \u0107e stajati [&hellip;]<\/p>\n","protected":false},"author":3,"featured_media":0,"comment_status":"","ping_status":"","sticky":false,"template":"","format":"standard","meta":{"wpai_generated_summary":"","footnotes":""},"categories":[368,438,369],"tags":[14353,52159,457,67991,370,16733,39794,51443,376,67992,596,380,14884,11995,44764],"class_list":["post-43414","post","type-post","status-publish","format-standard","hentry","category-vesti-amerika","category-lifestyle","category-vesti","tag-bozic","tag-bozicno-drvce","tag-chicago","tag-christmas-tree","tag-cikago","tag-jelka","tag-klizaliste","tag-klizanje","tag-koronavirus","tag-nema-klizanja","tag-ogranicenja-2","tag-pandemija","tag-praznici","tag-zima","tag-zimska-sezona"],"_links":{"self":[{"href":"https:\/\/chicagodesavanja.us\/en\/wp-json\/wp\/v2\/posts\/43414","targetHints":{"allow":["GET"]}}],"collection":[{"href":"https:\/\/chicagodesavanja.us\/en\/wp-json\/wp\/v2\/posts"}],"about":[{"href":"https:\/\/chicagodesavanja.us\/en\/wp-json\/wp\/v2\/types\/post"}],"author":[{"embeddable":true,"href":"https:\/\/chicagodesavanja.us\/en\/wp-json\/wp\/v2\/users\/3"}],"replies":[{"embeddable":true,"href":"https:\/\/chicagodesavanja.us\/en\/wp-json\/wp\/v2\/comments?post=43414"}],"version-history":[{"count":0,"href":"https:\/\/chicagodesavanja.us\/en\/wp-json\/wp\/v2\/posts\/43414\/revisions"}],"wp:attachment":[{"href":"https:\/\/chicagodesavanja.us\/en\/wp-json\/wp\/v2\/media?parent=43414"}],"wp:term":[{"taxonomy":"category","embeddable":true,"href":"https:\/\/chicagodesavanja.us\/en\/wp-json\/wp\/v2\/categories?post=43414"},{"taxonomy":"post_tag","embeddable":true,"href":"https:\/\/chicagodesavanja.us\/en\/wp-json\/wp\/v2\/tags?post=43414"}],"curies":[{"name":"WP","href":"https:\/\/api.w.org\/{rel}","templated":true}]}}