{"id":43395,"date":"2020-11-11T02:52:00","date_gmt":"2020-11-11T02:52:00","guid":{"rendered":"https:\/\/chicagodesavanja.us\/lokdaun-rec-godine-kolinsovog-recnika\/"},"modified":"2020-11-11T02:52:00","modified_gmt":"2020-11-11T02:52:00","slug":"lokdaun-rec-godine-kolinsovog-recnika","status":"publish","type":"post","link":"https:\/\/chicagodesavanja.us\/en\/vesti\/lokdaun-rec-godine-kolinsovog-recnika\/","title":{"rendered":"\u201eLokdaun\u201d re\u010d godine Kolinsovog re\u010dnika"},"content":{"rendered":"<p class=\"wp-block-paragraph\">\u201eLokdaun\u201d je re\u010d godine britanskog Kolinsovog re\u010dnika, nakon \u0161to je u\u0161la u \u0161iroku upotrebu tokom pandemije koronavirusa.<\/p>\n\n\n\n<p class=\"wp-block-paragraph\">\u201eLokdaun\u201d je u re\u010dniku definisan kao stanje zastoja u zemlji, tokom kojeg je sve \u0161to predstalja normalan javni \u017eivot suspendovano.<\/p>\n\n\n\n<p class=\"wp-block-paragraph\">\u201eSa svojim te\u0161kim, tupim slogovima i jo\u0161 te\u017eim asocijacijama, re\u010d &#8216;lokdaun&#8217; uobli\u010dava zajedni\u010dko iskustvo milijardi ljudi\u201d, navodi se u opisu.<\/p>\n\n\n\n<p class=\"wp-block-paragraph\">Engleski naziv \u201elokdaun\u201d stvoren je od re\u010di \u201elock\u201d \u2013 \u201ezaklju\u010dati\u201d i \u201edown\u201d \u2013 \u201edole\u201d, a zna\u010di \u201ezatvaranje, zaklju\u010davanje, blokada, izolacija\u201d, prenosi Tanjug.<\/p>\n\n\n\n<p class=\"wp-block-paragraph\">Leksikografi su registrovali vi\u0161e od 250.000 na\u010dina upotrebe re\u010di lokdaun tokom 2020. godine, dok ih je pro\u0161le godine bilo samo 4.000, prenosi BBC.<\/p>\n\n\n\n<p class=\"wp-block-paragraph\">Ta re\u010d u\u0161la je u uobi\u010dajeni govor nakon \u0161to su vlade \u0161irom sveta uvele stroge mere zatvaranja kako bi spre\u010dile \u0161irenje koronavirusa.<\/p>\n\n\n\n<p class=\"wp-block-paragraph\">Me\u0111u prvih 10 naj\u010de\u0161\u0107e kori\u0161\u0107enih termina povezanih sa pandemijom su \u201eprinudni odmor\u201d, \u201eklju\u010dni radnik\u201d, \u201esamoizolacija\u201d i \u201esocijalno distanciranje\u201d, ali i sam \u201ekoronavirus\u201d.<\/p>\n\n\n\n<p class=\"wp-block-paragraph\">Od re\u010di koje nisu povezane sa koronavirusom, a koje odra\u017eavaju socijalna i politi\u010dka zbivanja u ovoj godini, nalazi se skra\u0107enica \u201eBLM\u201d za pokret Black lives matter (\u017divoti crnaca su va\u017eni), nastao nakon smrti afroamerikanca D\u017eord\u017ea Flojda tokom policijskog privo\u0111enja, \u010dije je kori\u0161\u0107enje poraslo za 581 odsto.<\/p>\n\n\n\n<p class=\"wp-block-paragraph\"><\/p>\n\n\n\n<p class=\"wp-block-paragraph\" style=\"font-size:10px\">IZVOR: POLITIKA I FOTO: AP<\/p>","protected":false},"excerpt":{"rendered":"<p>\u201eLokdaun\u201d je re\u010d godine britanskog Kolinsovog re\u010dnika, nakon \u0161to je u\u0161la u \u0161iroku upotrebu tokom pandemije koronavirusa. \u201eLokdaun\u201d je u re\u010dniku definisan kao stanje zastoja u zemlji, tokom kojeg je sve \u0161to predstalja normalan javni \u017eivot suspendovano. \u201eSa svojim te\u0161kim, tupim slogovima i jo\u0161 te\u017eim asocijacijama, re\u010d &#8216;lokdaun&#8217; uobli\u010dava zajedni\u010dko iskustvo milijardi ljudi\u201d, navodi se [&hellip;]<\/p>\n","protected":false},"author":4,"featured_media":0,"comment_status":"","ping_status":"","sticky":false,"template":"","format":"standard","meta":{"footnotes":""},"categories":[431,369],"tags":[11181,443,534,44954,59054,28832],"class_list":["post-43395","post","type-post","status-publish","format-standard","hentry","category-svet","category-vesti","tag-blokada","tag-izolacija","tag-lokdaun","tag-rec-godine","tag-zakljucavanje-2","tag-zatvaranje"],"_links":{"self":[{"href":"https:\/\/chicagodesavanja.us\/en\/wp-json\/wp\/v2\/posts\/43395","targetHints":{"allow":["GET"]}}],"collection":[{"href":"https:\/\/chicagodesavanja.us\/en\/wp-json\/wp\/v2\/posts"}],"about":[{"href":"https:\/\/chicagodesavanja.us\/en\/wp-json\/wp\/v2\/types\/post"}],"author":[{"embeddable":true,"href":"https:\/\/chicagodesavanja.us\/en\/wp-json\/wp\/v2\/users\/4"}],"replies":[{"embeddable":true,"href":"https:\/\/chicagodesavanja.us\/en\/wp-json\/wp\/v2\/comments?post=43395"}],"version-history":[{"count":0,"href":"https:\/\/chicagodesavanja.us\/en\/wp-json\/wp\/v2\/posts\/43395\/revisions"}],"wp:attachment":[{"href":"https:\/\/chicagodesavanja.us\/en\/wp-json\/wp\/v2\/media?parent=43395"}],"wp:term":[{"taxonomy":"category","embeddable":true,"href":"https:\/\/chicagodesavanja.us\/en\/wp-json\/wp\/v2\/categories?post=43395"},{"taxonomy":"post_tag","embeddable":true,"href":"https:\/\/chicagodesavanja.us\/en\/wp-json\/wp\/v2\/tags?post=43395"}],"curies":[{"name":"WP","href":"https:\/\/api.w.org\/{rel}","templated":true}]}}