{"id":43347,"date":"2020-11-19T04:03:00","date_gmt":"2020-11-19T04:03:00","guid":{"rendered":"https:\/\/chicagodesavanja.us\/protesti-u-berlinu-zbog-karantina-radili-vodeni-topovi\/"},"modified":"2020-11-19T04:03:00","modified_gmt":"2020-11-19T04:03:00","slug":"protesti-u-berlinu-zbog-karantina-radili-vodeni-topovi","status":"publish","type":"post","link":"https:\/\/chicagodesavanja.us\/en\/vesti\/protesti-u-berlinu-zbog-karantina-radili-vodeni-topovi\/","title":{"rendered":"Protesti u Berlinu zbog karantina, radili vodeni topovi"},"content":{"rendered":"<p class=\"wp-block-paragraph\">Protesti u Berlinu doveli su do sukoba policije i demonstranata.<br><br>Berlinska policija, poja\u010dana policijskim jedinicama iz cele Nema\u010dke, upotrebila je vodene topove na demonstrantima koji su protestovali protiv restriktivnih mera vlade, ignori\u0161u\u0107i upozorenja da stave maske i odr\u017eavaju propisanu fizi\u010dku distancu.<\/p>\n\n\n\n<p class=\"wp-block-paragraph\">Nakon intervencije vodenim topovima ispred Brandenbur\u0161ke kapije, policajci u opremi za rasturanje demonstracija su utr\u010dali me\u0111u demonstrante i nekolicinu priveli, a demonstranti su uzvratili petardama i bakljama.<\/p>\n\n\n\n<p class=\"wp-block-paragraph\">U nema\u010dkom Bundestagu poslanici su se izjasnili o predlogu zakona koji bi nema\u010dkoj vladi omogu\u0107io da samostalno uvodi restrikcije, bez prethodnog odobrenja parlamenta.<\/p>\n\n\n\n<p class=\"wp-block-paragraph\">Iako ve\u0107ina gra\u0111ana podr\u017eava mere distance, no\u0161enja maski i zabrane kontakata, manjina smatra da su restrikcije neustavne i da ugro\u017eavanju gra\u0111anska prava Nemaca, zbog \u010dega su ignorisali zabranu okupljanja, obavezno no\u0161enje maski i dr\u017eanje distance i protestovali nedaleko od zgrade Parlamenta.<\/p>\n\n\n\n<p class=\"wp-block-paragraph\">O\u010dekuje se da \u0107e oba doma parlamenta usvojiti predlog zakona koji \u0107e potom biti poslat na potpisivanje nema\u010dkom predsedniku.<\/p>\n\n\n\n<p class=\"wp-block-paragraph\">Ultradesni\u010darska Alternativa za Nema\u010dku uporedila je takav zakon sa Aktom o odobrenju (vladi) iz 1933. godine koje je doneo Hitlerov nacisti\u010dki re\u017eim, preneo je Rojters.<\/p>\n\n\n\n<p class=\"wp-block-paragraph\">Protesti u Berlinu doneli su ovih dana vi\u0161e poruka, a mo\u017eda najsna\u017enija me\u0111u njima je \u201cVratite nam na\u0161e \u017eivote\u201d.<\/p>\n\n\n\n<p class=\"wp-block-paragraph\">Nema\u010dka je nedavno registrovala o\u0161tar skok broja novozara\u017eenih, zbog \u010dega je uvela delimi\u010dan lokdaun u poku\u0161aju da spre\u010di \u0161irenje virusa. Od po\u010detka pandemije koronom je zara\u017eeno 833.000 osoba ok je vi\u0161e od 13.000 preminulo.<\/p>\n\n\n\n<p class=\"wp-block-paragraph\">Koronavirusom je \u0161irom sveta zara\u017eeno vi\u0161e od 55.395.000 ljudi, a do sada je od posledica infekcije preminulo 1.333.000 ljudi.<\/p>\n\n\n\n<p class=\"wp-block-paragraph\" style=\"font-size:10px\">IZVOR: NOVA I FOTO: REUTERS<\/p>","protected":false},"excerpt":{"rendered":"<p>Protesti u Berlinu doveli su do sukoba policije i demonstranata. Berlinska policija, poja\u010dana policijskim jedinicama iz cele Nema\u010dke, upotrebila je vodene topove na demonstrantima koji su protestovali protiv restriktivnih mera vlade, ignori\u0161u\u0107i upozorenja da stave maske i odr\u017eavaju propisanu fizi\u010dku distancu. Nakon intervencije vodenim topovima ispred Brandenbur\u0161ke kapije, policajci u opremi za rasturanje demonstracija su [&hellip;]<\/p>\n","protected":false},"author":4,"featured_media":0,"comment_status":"","ping_status":"","sticky":false,"template":"","format":"standard","meta":{"footnotes":""},"categories":[431,369],"tags":[16741,18811,535,1161,803,20053,67911],"class_list":["post-43347","post","type-post","status-publish","format-standard","hentry","category-svet","category-vesti","tag-berlin","tag-demonstranti","tag-nemacka","tag-policija","tag-protesti","tag-sukobi","tag-vodeni-topovi"],"_links":{"self":[{"href":"https:\/\/chicagodesavanja.us\/en\/wp-json\/wp\/v2\/posts\/43347","targetHints":{"allow":["GET"]}}],"collection":[{"href":"https:\/\/chicagodesavanja.us\/en\/wp-json\/wp\/v2\/posts"}],"about":[{"href":"https:\/\/chicagodesavanja.us\/en\/wp-json\/wp\/v2\/types\/post"}],"author":[{"embeddable":true,"href":"https:\/\/chicagodesavanja.us\/en\/wp-json\/wp\/v2\/users\/4"}],"replies":[{"embeddable":true,"href":"https:\/\/chicagodesavanja.us\/en\/wp-json\/wp\/v2\/comments?post=43347"}],"version-history":[{"count":0,"href":"https:\/\/chicagodesavanja.us\/en\/wp-json\/wp\/v2\/posts\/43347\/revisions"}],"wp:attachment":[{"href":"https:\/\/chicagodesavanja.us\/en\/wp-json\/wp\/v2\/media?parent=43347"}],"wp:term":[{"taxonomy":"category","embeddable":true,"href":"https:\/\/chicagodesavanja.us\/en\/wp-json\/wp\/v2\/categories?post=43347"},{"taxonomy":"post_tag","embeddable":true,"href":"https:\/\/chicagodesavanja.us\/en\/wp-json\/wp\/v2\/tags?post=43347"}],"curies":[{"name":"WP","href":"https:\/\/api.w.org\/{rel}","templated":true}]}}