{"id":43312,"date":"2020-12-05T04:59:14","date_gmt":"2020-12-05T04:59:14","guid":{"rendered":"https:\/\/chicagodesavanja.us\/dzo-bajden-planira-manju-ceremoniju\/"},"modified":"2020-12-05T04:59:14","modified_gmt":"2020-12-05T04:59:14","slug":"dzo-bajden-planira-manju-ceremoniju","status":"publish","type":"post","link":"https:\/\/chicagodesavanja.us\/en\/vesti\/dzo-bajden-planira-manju-ceremoniju\/","title":{"rendered":"D\u017eo Bajden planira manju ceremoniju"},"content":{"rendered":"<p class=\"wp-block-paragraph\">Novoizabrani predsednik SAD D\u017eo Bajden saop\u0161tio je da planira smanjeni obim ceremonije inauguracije iz bezbednosnih razloga zbog pandemije Kovida 19.<\/p>\n\n\n\n<p class=\"wp-block-paragraph\">Bajden o\u010dekuje da \u0107e 20. januara polo\u017eiti zakletvu na platformi koja je ve\u0107 postavljena na stepenicama ameri\u010dkog Kapitola, ali i da \u017eeli da izbegne veliki broj ljudi koji se obi\u010dno okuplja radi gledanja ceremonija i parada, prenosi Rojters.<\/p>\n\n\n\n<p class=\"wp-block-paragraph\">\u201ePretpostavljam da verovatno ne\u0107e biti ogromne inauguracijske parade niz aveniju Pensilvanija. Ali pretpostavljam i da \u0107ete videti mnogo virtuelnih aktivnosti u dr\u017eavama \u0161irom Amerike, koje \u0107e okupiti \u010dak i vi\u0161e ljudi nego ranije\u201c, rekao je D\u017eo Bajden u rodnom gradu Vilmingtonu u Delaveru, gde priprema svoju novu administraciju.<\/p>\n\n\n\n<p class=\"wp-block-paragraph\">Ka\u017ee da njegovo osoblje sara\u0111uje sa istim timom koji je organizovao Demokratsku nacionalnu konvenciju u avgustu koja se odvijala uglavnom onlajn, kako bi isplanirao polaganje zakletve koja ne\u0107e pove\u0107ati rizik od ubrzanja \u0161irenja kovid-19. Ceremonija obi\u010dno zapo\u010dinje tako \u0161to odlaze\u0107i predsednik i izabrani predsednik zajedno putuju od Bele ku\u0107e do Kapitola. Nakon \u0161to novi predsednik polo\u017ei zakletvu, vozi se avenijom Pensilvanija da bi preuzeo nove du\u017enosti dok biv\u0161i predsednik odlazi, obi\u010dno helikopterom.<\/p>\n\n\n\n<p class=\"wp-block-paragraph\">Tramp, koji je odbio da prizna izbore, nije rekao da li \u0107e prisustvovati ceremoniji. Umesto toga, prema izvoru upoznatom sa unutra\u0161njom diskusijom o Beloj ku\u0107i, on navodno razmi\u0161lja da pokrene svoju kandidaturu da se tog dana ponovo kandiduje za izbore 2024. godine.<\/p>\n\n\n\n<p class=\"wp-block-paragraph\" style=\"font-size:10px\">IZVOR: TANJUG, <a rel=\"noreferrer noopener\" href=\"https:\/\/www.b92.net\/info\/vesti\/index.php?yyyy=2020&amp;mm=12&amp;dd=05&amp;nav_category=78&amp;nav_id=1775689\" target=\"_blank\">B92<\/a> <a rel=\"noreferrer noopener\" href=\"http:\/\/www.aktuelnosti.us\" target=\"_blank\">I <\/a>PHOTO: UNSPLASH<\/p>\n\n\n\n<p class=\"wp-block-paragraph\"><\/p>","protected":false},"excerpt":{"rendered":"<p>Novoizabrani predsednik SAD D\u017eo Bajden saop\u0161tio je da planira smanjeni obim ceremonije inauguracije iz bezbednosnih razloga zbog pandemije Kovida 19. Bajden o\u010dekuje da \u0107e 20. januara polo\u017eiti zakletvu na platformi koja je ve\u0107 postavljena na stepenicama ameri\u010dkog Kapitola, ali i da \u017eeli da izbegne veliki broj ljudi koji se obi\u010dno okuplja radi gledanja ceremonija i [&hellip;]<\/p>\n","protected":false},"author":1,"featured_media":0,"comment_status":"","ping_status":"","sticky":false,"template":"","format":"standard","meta":{"footnotes":""},"categories":[368,369],"tags":[36128,589,36051,568],"class_list":["post-43312","post","type-post","status-publish","format-standard","hentry","category-vesti-amerika","category-vesti","tag-ceremonija","tag-dzo-bajden-2","tag-novoizabrani-predsednik","tag-sad"],"_links":{"self":[{"href":"https:\/\/chicagodesavanja.us\/en\/wp-json\/wp\/v2\/posts\/43312","targetHints":{"allow":["GET"]}}],"collection":[{"href":"https:\/\/chicagodesavanja.us\/en\/wp-json\/wp\/v2\/posts"}],"about":[{"href":"https:\/\/chicagodesavanja.us\/en\/wp-json\/wp\/v2\/types\/post"}],"author":[{"embeddable":true,"href":"https:\/\/chicagodesavanja.us\/en\/wp-json\/wp\/v2\/users\/1"}],"replies":[{"embeddable":true,"href":"https:\/\/chicagodesavanja.us\/en\/wp-json\/wp\/v2\/comments?post=43312"}],"version-history":[{"count":0,"href":"https:\/\/chicagodesavanja.us\/en\/wp-json\/wp\/v2\/posts\/43312\/revisions"}],"wp:attachment":[{"href":"https:\/\/chicagodesavanja.us\/en\/wp-json\/wp\/v2\/media?parent=43312"}],"wp:term":[{"taxonomy":"category","embeddable":true,"href":"https:\/\/chicagodesavanja.us\/en\/wp-json\/wp\/v2\/categories?post=43312"},{"taxonomy":"post_tag","embeddable":true,"href":"https:\/\/chicagodesavanja.us\/en\/wp-json\/wp\/v2\/tags?post=43312"}],"curies":[{"name":"WP","href":"https:\/\/api.w.org\/{rel}","templated":true}]}}