{"id":43306,"date":"2020-12-06T02:53:53","date_gmt":"2020-12-06T02:53:53","guid":{"rendered":"https:\/\/chicagodesavanja.us\/optuzeni-menadzer-audija-koga-traze-sad-nestao-iz-hrvatske\/"},"modified":"2020-12-06T02:53:53","modified_gmt":"2020-12-06T02:53:53","slug":"optuzeni-menadzer-audija-koga-traze-sad-nestao-iz-hrvatske","status":"publish","type":"post","link":"https:\/\/chicagodesavanja.us\/en\/vesti\/optuzeni-menadzer-audija-koga-traze-sad-nestao-iz-hrvatske\/","title":{"rendered":"Optu\u017eeni menad\u017eer Audija koga tra\u017ee SAD nestao iz Hrvatske"},"content":{"rendered":"<p class=\"wp-block-paragraph\">Optu\u017eeni nema\u010dki menad\u017eer Aksel Ajzer trebalo je da u Puli sa\u010deka na odluku o njegovom izru\u010denju SAD, ali je oti\u0161ao u Nema\u010dku.<\/p>\n\n\n\n<p class=\"wp-block-paragraph\">On je hrvatskom dr\u017eavnom prora\u010dunu ostavio 700.000 kuna kaucije.<\/p>\n\n\n\n<p class=\"wp-block-paragraph\">Vest o hap\u0161enju biv\u0161eg Audijevog menad\u017eera Aksela Ajzera na slovena\u010dko-hrvatskoj granici u junu ove godine preneli su i hrvatski i nema\u010dki mediji. A kako i ne bi: re\u010d je o jednom od biv\u0161ih vode\u0107ih ljudi nema\u010dkog automobilskog koncerna Folksvagena, odnosno njegove firme-\u0107erke Audija. On je od oktobra 2009. do 2013. bio \u0161ef odeljenja za razvoj dizelskih motora i protiv njega je u SAD podignuta optu\u017enica u aferi nazvanoj &#8222;Dizelgejt&#8220;.<\/p>\n\n\n\n<p class=\"wp-block-paragraph\">Uhap\u0161en je 9. juna kada je sa suprugom krenuo na odmor u Hrvatsku. Na grani\u010dnom prelazu Ka\u0161tel \u2013 Dragonja u Istri pri rutinskoj kontroli dokumenata je utvr\u0111eno da su Sjedinjene Ameri\u010dke Dr\u017eave za njim raspisale me\u0111unarodnu poternicu. Otpremljen je u istra\u017eni zatvor u Puli, a tamo\u0161nji \u017dupanijski sud je pokrenuo ekstradicijski postupak, odnosno postupak u kojem je trebala da se donese odluka o njegovom izru\u010denju SAD.<\/p>\n\n\n\n<p class=\"wp-block-paragraph\">Aksel Ajzer se u SAD tereti da je svesno varao ameri\u010dke regulatorne agencije i kupce la\u017eiranjem navoda o emisiji izduvnih gasova kod dizelskih motora. Jedan njegov biv\u0161i kolega, nekada\u0161nji Folksvagenov menad\u017eer u SAD Oliver \u0160mit, pred ameri\u010dkim sudom je 2017. godine zbog te \u201edizelske afere\u201c osu\u0111en na zatvorsku kaznu u trajanju od sedam godina i pla\u0107anje nov\u010dane kazne od 400.000 dolara. Iste godine je i Audijeva mati\u010dna firma Folksvagen AG priznala krivicu pred ameri\u010dkim sudom i nagodila se za pla\u0107anje od\u0161tete od 2,8 milijardi dolara.<\/p>\n\n\n\n<p class=\"wp-block-paragraph\">Nakon par dana izve\u0161tavanja o tom, kako su neki mediji pisali, \u201ehap\u0161enju kapitalca\u201c zanimanje javnosti je splasnulo, pa je tako neprimetno pro\u0161lo i Ajzerovo pu\u0161tanje iz istra\u017enog zatvora u Puli 30. juna. Sud mu je tada odredio kauciju u iznosu od 700.000 kuna, uz obavezu redovnog javljanja u policijsku stanicu. Optu\u017eeni menad\u017eer je, dakle, kona\u010dnu odluku o svom izru\u010denju \u010dekao u Istri na slobodi.<\/p>\n\n\n\n<p class=\"wp-block-paragraph\">I tako je o\u010dito bilo sve do oktobra, kada se istarska policija javlja kod pulskog advokata Matije Milo\u0161a jer se njegov branjenik Ajzer prestao javljati u policijsku stanicu i vi\u0161e se nije nalazio na adresi na kojoj je bio obavezan da boravi do dono\u0161enja sudske odluke. Milo\u0161 je, kako nam je rekao, mogao samo re\u0107i da ni on nema nikakvih informacija o Ajzeru jer se ni njemu ne javlja.<\/p>\n\n\n\n<p class=\"wp-block-paragraph\">Otprilike u isto vreme, 22. oktobra, nema\u010dki portal Biznis insajder objavljuje tekst pod naslovom \u201eNema izru\u010denja SAD-u: biv\u0161i VW-menad\u017eer, uhap\u0161en na odmoru u Hrvatskoj, vratio se u Nema\u010dku\u201c. U tekstu se tvrdi da do izru\u010denja nije do\u0161lo jer, prema evropskom pravu, Ajzerova domovina Nema\u010dka mora dati pristanak za to, \u0161to ona, pretpostavlja portal, nije u\u010dinila. Nadalje se prenosi Ajzerova izjava: \u201ePonovo sam u Nema\u010dkoj, slobodan i to \u0107u i ostati.\u201c I nigde se ne spominje mogu\u0107nost da je on, kao optu\u017eeni, u stvari pobegao iz Hrvatske.<\/p>\n\n\n\n<p class=\"wp-block-paragraph\" style=\"font-size:10px\">IZVOR: DW, <a href=\"https:\/\/www.b92.net\/info\/vesti\/index.php?yyyy=2020&amp;mm=12&amp;dd=04&amp;nav_category=167&amp;nav_id=1775573\" target=\"_blank\" rel=\"noreferrer noopener\">B92<\/a> PHOTO: PIXABAY<\/p>\n\n\n\n<p class=\"wp-block-paragraph\"><\/p>","protected":false},"excerpt":{"rendered":"<p>Optu\u017eeni nema\u010dki menad\u017eer Aksel Ajzer trebalo je da u Puli sa\u010deka na odluku o njegovom izru\u010denju SAD, ali je oti\u0161ao u Nema\u010dku. On je hrvatskom dr\u017eavnom prora\u010dunu ostavio 700.000 kuna kaucije. Vest o hap\u0161enju biv\u0161eg Audijevog menad\u017eera Aksela Ajzera na slovena\u010dko-hrvatskoj granici u junu ove godine preneli su i hrvatski i nema\u010dki mediji. A kako [&hellip;]<\/p>\n","protected":false},"author":1,"featured_media":0,"comment_status":"","ping_status":"","sticky":false,"template":"","format":"standard","meta":{"wpai_generated_summary":"","footnotes":""},"categories":[431,369],"tags":[67854,3695,67855,10897,44146,535,36725,67856,568],"class_list":["post-43306","post","type-post","status-publish","format-standard","hentry","category-svet","category-vesti","tag-aksel-ajzer","tag-audi","tag-dizelgejt","tag-hrvatska","tag-menadzer","tag-nemacka","tag-optuzba","tag-optuzeni","tag-sad"],"_links":{"self":[{"href":"https:\/\/chicagodesavanja.us\/en\/wp-json\/wp\/v2\/posts\/43306","targetHints":{"allow":["GET"]}}],"collection":[{"href":"https:\/\/chicagodesavanja.us\/en\/wp-json\/wp\/v2\/posts"}],"about":[{"href":"https:\/\/chicagodesavanja.us\/en\/wp-json\/wp\/v2\/types\/post"}],"author":[{"embeddable":true,"href":"https:\/\/chicagodesavanja.us\/en\/wp-json\/wp\/v2\/users\/1"}],"replies":[{"embeddable":true,"href":"https:\/\/chicagodesavanja.us\/en\/wp-json\/wp\/v2\/comments?post=43306"}],"version-history":[{"count":0,"href":"https:\/\/chicagodesavanja.us\/en\/wp-json\/wp\/v2\/posts\/43306\/revisions"}],"wp:attachment":[{"href":"https:\/\/chicagodesavanja.us\/en\/wp-json\/wp\/v2\/media?parent=43306"}],"wp:term":[{"taxonomy":"category","embeddable":true,"href":"https:\/\/chicagodesavanja.us\/en\/wp-json\/wp\/v2\/categories?post=43306"},{"taxonomy":"post_tag","embeddable":true,"href":"https:\/\/chicagodesavanja.us\/en\/wp-json\/wp\/v2\/tags?post=43306"}],"curies":[{"name":"WP","href":"https:\/\/api.w.org\/{rel}","templated":true}]}}