{"id":43242,"date":"2020-12-12T06:00:00","date_gmt":"2020-12-12T06:00:00","guid":{"rendered":"https:\/\/chicagodesavanja.us\/francuska-najavila-otvaranje-skijalista-ako-pandemija-dozvoli\/"},"modified":"2020-12-12T06:00:00","modified_gmt":"2020-12-12T06:00:00","slug":"francuska-najavila-otvaranje-skijalista-ako-pandemija-dozvoli","status":"publish","type":"post","link":"https:\/\/chicagodesavanja.us\/en\/vesti\/francuska-najavila-otvaranje-skijalista-ako-pandemija-dozvoli\/","title":{"rendered":"Francuska najavila otvaranje skijali\u0161ta za sedmi januar"},"content":{"rendered":"<p class=\"wp-block-paragraph\">Francuska je najavila otvaranje skijali\u0161ta 7. januara, ukoliko epidemiolo\u0161ka situacija to bude dozvoljavala, saop\u0161tio je mla\u0111i ministar za spoljne poslove \u017dan-Batist Lemoan.<\/p>\n\n\n\n<p class=\"wp-block-paragraph\">On je, nakon sastanka premijera \u017dana Kasteksa sa predstavnicima odmarali\u0161ta, saop\u0161tio da je Francuska najavila otvaranje skijali\u0161ta 7. januara, ukoliko stanje u vezi sa pandemijom to bude dozvolilo, preneo je Rojters.<\/p>\n\n\n\n<p class=\"wp-block-paragraph\">Francuska je pro\u0161log meseca po\u010dela sa ubla\u017eavanjem mera karantina uvedenih po drugi put od po\u010detka pandemije, ali je predsednik Emanuel Makron rekao da \u0107e skijali\u0161ta ostati zatvorena do kraja godine, kako bi se zaustavio novi talas \u0161irenja virusa.<\/p>\n\n\n\n<p class=\"wp-block-paragraph\">Tokom prvog talasa pandemije, neka skijali\u0161ta postala su \u017eari\u0161ta koja su ubrzala \u0161irenje virusa po Evropi, prenosi Tanjug.<\/p>\n\n\n\n<p class=\"wp-block-paragraph\">Evropske zemlje su u poslednjih nekoliko nedelja poku\u0161avale da deluju slo\u017eno po tom pitanju, a Francuska, u kojoj ima 250 ski centara, sprove\u0161\u0107e nasumi\u010dne provere na granicama kako bi spre\u010dila da se gra\u0111ani zaraze na skijali\u0161tima u onim zemljama u kojima su otvorena.<\/p>\n\n\n\n<p class=\"wp-block-paragraph\">\u0160vajcarska je dozvolila otvaranje skijali\u0161ta za doma\u0107e turiste, za razliku od Italije, Francuske i Nema\u010dke koje ne \u017eele da otvaraju ski centre tokom sezone praznika.<\/p>\n\n\n\n<p class=\"wp-block-paragraph\">Francuski mla\u0111i ministar za evropske poslove je u utorak rekao da se EU nada da \u0107e posti\u0107i dogovor sa \u0160vajcarskom u cilju postizanju ravnopravnosti po pitanju otvaranja skijali\u0161ta.<\/p>\n\n\n\n<p class=\"wp-block-paragraph\">Ministar finansija Bruno Le Mer je rekao da \u0107e naredne godine biti izdvojeno 400 miliona evra pomo\u0107i za skijali\u0161ta.<\/p>\n\n\n\n<p class=\"wp-block-paragraph\" style=\"font-size:10px\">SOURCE: <a href=\"http:\/\/www.politika.rs\/sr\/clanak\/468661\/Francuska-najavila-otvaranje-skijalista-za-sedmi-januar\" target=\"_blank\" rel=\"noreferrer noopener\">Politics <\/a>Photo: UNSPLASH<\/p>","protected":false},"excerpt":{"rendered":"<p>Francuska je najavila otvaranje skijali\u0161ta 7. januara, ukoliko epidemiolo\u0161ka situacija to bude dozvoljavala, saop\u0161tio je mla\u0111i ministar za spoljne poslove \u017dan-Batist Lemoan. On je, nakon sastanka premijera \u017dana Kasteksa sa predstavnicima odmarali\u0161ta, saop\u0161tio da je Francuska najavila otvaranje skijali\u0161ta 7. januara, ukoliko stanje u vezi sa pandemijom to bude dozvolilo, preneo je Rojters. Francuska je [&hellip;]<\/p>\n","protected":false},"author":3,"featured_media":0,"comment_status":"","ping_status":"","sticky":false,"template":"","format":"standard","meta":{"footnotes":""},"categories":[431,369],"tags":[3232,530,376,19539,380,20674,44674,67745],"class_list":["post-43242","post","type-post","status-publish","format-standard","hentry","category-svet","category-vesti","tag-emanuel-makron","tag-francuska","tag-koronavirus","tag-otvaranje","tag-pandemija","tag-predsednik-francuske","tag-skijalista-2","tag-zarista"],"_links":{"self":[{"href":"https:\/\/chicagodesavanja.us\/en\/wp-json\/wp\/v2\/posts\/43242","targetHints":{"allow":["GET"]}}],"collection":[{"href":"https:\/\/chicagodesavanja.us\/en\/wp-json\/wp\/v2\/posts"}],"about":[{"href":"https:\/\/chicagodesavanja.us\/en\/wp-json\/wp\/v2\/types\/post"}],"author":[{"embeddable":true,"href":"https:\/\/chicagodesavanja.us\/en\/wp-json\/wp\/v2\/users\/3"}],"replies":[{"embeddable":true,"href":"https:\/\/chicagodesavanja.us\/en\/wp-json\/wp\/v2\/comments?post=43242"}],"version-history":[{"count":0,"href":"https:\/\/chicagodesavanja.us\/en\/wp-json\/wp\/v2\/posts\/43242\/revisions"}],"wp:attachment":[{"href":"https:\/\/chicagodesavanja.us\/en\/wp-json\/wp\/v2\/media?parent=43242"}],"wp:term":[{"taxonomy":"category","embeddable":true,"href":"https:\/\/chicagodesavanja.us\/en\/wp-json\/wp\/v2\/categories?post=43242"},{"taxonomy":"post_tag","embeddable":true,"href":"https:\/\/chicagodesavanja.us\/en\/wp-json\/wp\/v2\/tags?post=43242"}],"curies":[{"name":"WP","href":"https:\/\/api.w.org\/{rel}","templated":true}]}}