{"id":43175,"date":"2020-12-20T01:16:00","date_gmt":"2020-12-20T01:16:00","guid":{"rendered":"https:\/\/chicagodesavanja.us\/amerikanci-ne-haju-za-koronu-mnogi-putuju-za-praznike\/"},"modified":"2020-12-20T01:16:00","modified_gmt":"2020-12-20T01:16:00","slug":"amerikanci-ne-haju-za-koronu-mnogi-putuju-za-praznike","status":"publish","type":"post","link":"https:\/\/chicagodesavanja.us\/en\/vesti\/amerikanci-ne-haju-za-koronu-mnogi-putuju-za-praznike\/","title":{"rendered":"Amerikanci ne haju za koronu, mnogi putuju za praznike"},"content":{"rendered":"<p class=\"wp-block-paragraph\">Amerikanci ne haju za koronavirus. Procenjuje se da \u0107e mnogo ljuti putovati tokom predstoje\u0107ih praznika.<br><br>Auto-moto savez SAD predvi\u0111a da \u0107e oko 85 miliona ljudi putovati tokom novogodi\u0161njih praznika, uprkos molbama zdravstvenih radnika da to ne \u010dine, jer mogu da izazovu novi talas koronavirusa.<\/p>\n\n\n\n<p class=\"wp-block-paragraph\">Amerikanci \u0107e, prema projekcijama AAA, najvi\u0161e putovati u periodu izme\u0111u 23. decembra i 3. januara, i to uglavnom automobilima.<\/p>\n\n\n\n<p class=\"wp-block-paragraph\">Iako se \u010dini da se radi o ogromnom broju ljudi to je, ipak, pad za tre\u0107inu u odnosu na 2019. godine, ali je brojka od 85 miliona zabrinjavaju\u0107a, ako se uzme u obzir na to da je u toku pandemija.<\/p>\n\n\n\n<p class=\"wp-block-paragraph\">Eksperti brinu da \u0107e Bo\u017ei\u0107 i Nova godina da se pretvore u masovno \u0161irenje koronavirusa, jer \u0107e mnogi stanovnici SAD da se opuste, ili zbog nedostatka straha od virusa ili zbog ohrabruju\u0107ih vesti o vakcini.<\/p>\n\n\n\n<p class=\"wp-block-paragraph\">\u201cPo\u010detkom pandemije, ljudi nisu putovali jer nisu znali \u0161ta ih \u010deka. Ali sada se misle, da ako dobiju koronu, da \u0107e je prele\u017eati u lak\u0161em obliku, kao prehladu\u201d, rekao je profesor za zarazne bolesti Univerziteta Kalifornija u San Francisku.<\/p>\n\n\n\n<p class=\"wp-block-paragraph\">Podse\u0107amo, ameri\u010dka agencija za hranu i lekove odobrila je vakcinu kompanije &#8222;Moderna&#8220; za upotrebu u hitnim slu\u010dajevima u SAD, preneo je Rojters. To je druga odobrena vakcina u SAD, nakon vakcine kompanija &#8222;Fajzer&#8220; i &#8222;Biontek&#8220;.<\/p>\n\n\n\n<p class=\"wp-block-paragraph\">O\u010dekuje se da \u0107e nekoliko miliona doza &#8222;Modernine&#8220; vakcine biti uklju\u010deno u masovnu vakcinaciju zdravstvenih radnika. Nakon njih, cepivo \u0107e dobiti osobe u domovima za stare, a ameri\u010dki Centar za kontrolu i prevenciju bolesti \u0107e uskoro odrediti koja \u0107e se grupa stanovni\u0161tva slede\u0107a vakcinisati.<\/p>\n\n\n\n<p class=\"wp-block-paragraph\">U Sjedinjenim Ameri\u010dkim Dr\u017eavama su, prema podacima sajta <a href=\"https:\/\/covid19.who.int\/?gclid=EAIaIQobChMI5ca2hJLa7QIVFuJ3Ch39FAm-EAAYASAAEgLj1_D_BwE\" target=\"_blank\" rel=\"noopener\">worldometers.info<\/a> zabele\u017eeno 17.888.353 slu\u010daja zaraze koronavirusom, a od kovida 19, bolesti koju virus izaziva, preminulo je 320.845 ljudi.<\/p>\n\n\n\n<p class=\"wp-block-paragraph\">Izgleda da Amerikanci ne haju za koronu, a da li je zaista tako sazna\u0107emo uskoro.<\/p>\n\n\n\n<p class=\"wp-block-paragraph\" style=\"font-size:10px\">IZVOR: NOVA I FOTO: EPA<\/p>","protected":false},"excerpt":{"rendered":"<p>Amerikanci ne haju za koronavirus. Procenjuje se da \u0107e mnogo ljuti putovati tokom predstoje\u0107ih praznika. Auto-moto savez SAD predvi\u0111a da \u0107e oko 85 miliona ljudi putovati tokom novogodi\u0161njih praznika, uprkos molbama zdravstvenih radnika da to ne \u010dine, jer mogu da izazovu novi talas koronavirusa. Amerikanci \u0107e, prema projekcijama AAA, najvi\u0161e putovati u periodu izme\u0111u 23. [&hellip;]<\/p>\n","protected":false},"author":4,"featured_media":0,"comment_status":"","ping_status":"","sticky":false,"template":"","format":"standard","meta":{"wpai_generated_summary":"","footnotes":""},"categories":[368,369],"tags":[4190,5135,45131,533,50433,14884,3431,568],"class_list":["post-43175","post","type-post","status-publish","format-standard","hentry","category-vesti-amerika","category-vesti","tag-aerodromi","tag-automobili","tag-bozicni-praznici","tag-korona","tag-novogodisnji-praznici","tag-praznici","tag-putovanja","tag-sad"],"_links":{"self":[{"href":"https:\/\/chicagodesavanja.us\/en\/wp-json\/wp\/v2\/posts\/43175","targetHints":{"allow":["GET"]}}],"collection":[{"href":"https:\/\/chicagodesavanja.us\/en\/wp-json\/wp\/v2\/posts"}],"about":[{"href":"https:\/\/chicagodesavanja.us\/en\/wp-json\/wp\/v2\/types\/post"}],"author":[{"embeddable":true,"href":"https:\/\/chicagodesavanja.us\/en\/wp-json\/wp\/v2\/users\/4"}],"replies":[{"embeddable":true,"href":"https:\/\/chicagodesavanja.us\/en\/wp-json\/wp\/v2\/comments?post=43175"}],"version-history":[{"count":0,"href":"https:\/\/chicagodesavanja.us\/en\/wp-json\/wp\/v2\/posts\/43175\/revisions"}],"wp:attachment":[{"href":"https:\/\/chicagodesavanja.us\/en\/wp-json\/wp\/v2\/media?parent=43175"}],"wp:term":[{"taxonomy":"category","embeddable":true,"href":"https:\/\/chicagodesavanja.us\/en\/wp-json\/wp\/v2\/categories?post=43175"},{"taxonomy":"post_tag","embeddable":true,"href":"https:\/\/chicagodesavanja.us\/en\/wp-json\/wp\/v2\/tags?post=43175"}],"curies":[{"name":"WP","href":"https:\/\/api.w.org\/{rel}","templated":true}]}}