{"id":43145,"date":"2020-12-23T04:12:00","date_gmt":"2020-12-23T04:12:00","guid":{"rendered":"https:\/\/chicagodesavanja.us\/fauci-primio-moderninu-vakcinu-protiv-koronavirusa-u-direktnom-tv-prenosu\/"},"modified":"2020-12-23T04:12:00","modified_gmt":"2020-12-23T04:12:00","slug":"fauci-primio-moderninu-vakcinu-protiv-koronavirusa-u-direktnom-tv-prenosu","status":"publish","type":"post","link":"https:\/\/chicagodesavanja.us\/en\/vesti\/fauci-primio-moderninu-vakcinu-protiv-koronavirusa-u-direktnom-tv-prenosu\/","title":{"rendered":"Fauci received the vaccine on live television"},"content":{"rendered":"<p class=\"wp-block-paragraph\">Vode\u0107i ameri\u010dki epidemiolog Entoni Fau\u010di primio je  vakcinu protiv koronavirusa kompanije Moderna, a vakcinaciju je prenosio CNN jer je Fau\u010di \u017eeleo da bude primer Amerikancima.<\/p>\n\n\n\n<p class=\"wp-block-paragraph\">&#8222;Ovim \u017eelim da poka\u017eem ekstremno poverenje u bezbednost i efikasnost vakcine i \u017eelim da ohrabrim svakog ko ima priliku da se vakcini\u0161e da to u\u010dini, kako bi na taj na\u010din stvorili visoku za\u0161titu i zavr\u0161ili s ovom pandemijom&#8220;, rekao je Fau\u010di kada je primio vakcinu, prenosi N1.<\/p>\n\n\n\n<p class=\"wp-block-paragraph\">On je naglasio da je vakcinacija vrhunac istra\u017eivanja koja su dovela do stvaranja vakcine u rekordnom roku.<\/p>\n\n\n\n<p class=\"wp-block-paragraph\">&#8222;U januaru smo otkrili virus, a ve\u0107 sada imamo vakcinu koja je data kao izbor mnogima, uklju\u010duju\u0107i i mene. I zato mi je \u010dast da budem deo ovog procesa&#8220;, naglasio je Fau\u010di.<\/p>\n\n\n\n<p class=\"wp-block-paragraph\">Nakon Fau\u010dija, koji je ispra\u0107en aplauzom, vakcinu su primili sekretar zdravstva i socijalnih usluga Aleks Azar, direktor Nacionalnog instituta za zdravstvo Fransis Kolins i nekoliko zdravstvenih radnika.<\/p>\n\n\n\n<p class=\"wp-block-paragraph\">Fau\u010di je za Good Morning America rekao da o\u010dekuje da \u0107e vakcinacija stanovni\u0161tva po\u010deti &#8222;negde krajem marta ili po\u010detkom aprila&#8220;, prenosi AP.<\/p>\n\n\n\n<p class=\"wp-block-paragraph\">On je dodao da bi taj proces mogao da traje do \u010detiri meseca zbog velikog broja gra\u0111ana SAD, koji \u017eele da prime vakcinu.<\/p>\n\n\n\n<p class=\"wp-block-paragraph\">On je ranije rekao i da je novi soj korona virusa, koji je potvr\u0111en u vi\u0161e slu\u010dajeva u Velikoj Britaniji, verovatno ve\u0107 prisutan u SAD.<\/p>\n\n\n\n<p class=\"wp-block-paragraph\" style=\"font-size:10px\">SOURCE: <a href=\"http:\/\/rs.n1info.com\/Svet\/a686505\/Fauci-primio-vakcinu-u-direktnom-TV-prenosu.html\" target=\"_blank\" rel=\"noreferrer noopener\">N1<\/a>I FOTO: PRINTSCREEN TANJUG<\/p>","protected":false},"excerpt":{"rendered":"<p>Vode\u0107i ameri\u010dki epidemiolog Entoni Fau\u010di primio je vakcinu protiv koronavirusa kompanije Moderna, a vakcinaciju je prenosio CNN jer je Fau\u010di \u017eeleo da bude primer Amerikancima. &#8222;Ovim \u017eelim da poka\u017eem ekstremno poverenje u bezbednost i efikasnost vakcine i \u017eelim da ohrabrim svakog ko ima priliku da se vakcini\u0161e da to u\u010dini, kako bi na taj na\u010din [&hellip;]<\/p>\n","protected":false},"author":3,"featured_media":0,"comment_status":"","ping_status":"","sticky":false,"template":"","format":"standard","meta":{"wpai_generated_summary":"","footnotes":""},"categories":[368,369],"tags":[454,2881,494,52623,59524,415,422,44235,66353],"class_list":["post-43145","post","type-post","status-publish","format-standard","hentry","category-vesti-amerika","category-vesti","tag-anthony-fauci","tag-bezbednost","tag-efikasnost-vakcine","tag-fauci","tag-glavni-epidemiolog","tag-moderna","tag-vakcina","tag-vakcina-protiv-koronavirusa","tag-vakcinacija-stanovnistva-2"],"_links":{"self":[{"href":"https:\/\/chicagodesavanja.us\/en\/wp-json\/wp\/v2\/posts\/43145","targetHints":{"allow":["GET"]}}],"collection":[{"href":"https:\/\/chicagodesavanja.us\/en\/wp-json\/wp\/v2\/posts"}],"about":[{"href":"https:\/\/chicagodesavanja.us\/en\/wp-json\/wp\/v2\/types\/post"}],"author":[{"embeddable":true,"href":"https:\/\/chicagodesavanja.us\/en\/wp-json\/wp\/v2\/users\/3"}],"replies":[{"embeddable":true,"href":"https:\/\/chicagodesavanja.us\/en\/wp-json\/wp\/v2\/comments?post=43145"}],"version-history":[{"count":0,"href":"https:\/\/chicagodesavanja.us\/en\/wp-json\/wp\/v2\/posts\/43145\/revisions"}],"wp:attachment":[{"href":"https:\/\/chicagodesavanja.us\/en\/wp-json\/wp\/v2\/media?parent=43145"}],"wp:term":[{"taxonomy":"category","embeddable":true,"href":"https:\/\/chicagodesavanja.us\/en\/wp-json\/wp\/v2\/categories?post=43145"},{"taxonomy":"post_tag","embeddable":true,"href":"https:\/\/chicagodesavanja.us\/en\/wp-json\/wp\/v2\/tags?post=43145"}],"curies":[{"name":"WP","href":"https:\/\/api.w.org\/{rel}","templated":true}]}}