{"id":43143,"date":"2020-12-23T04:42:00","date_gmt":"2020-12-23T04:42:00","guid":{"rendered":"https:\/\/chicagodesavanja.us\/broj-obolele-dece-od-koronavirusa-u-americi-raste\/"},"modified":"2020-12-23T04:42:00","modified_gmt":"2020-12-23T04:42:00","slug":"broj-obolele-dece-od-koronavirusa-u-americi-raste","status":"publish","type":"post","link":"https:\/\/chicagodesavanja.us\/en\/vesti\/broj-obolele-dece-od-koronavirusa-u-americi-raste\/","title":{"rendered":"Broj obolele dece od koronavirusa u Americi sko\u010dio za 25 odsto"},"content":{"rendered":"<p class=\"wp-block-paragraph\">Broj obolele dece od koronavirusa u SAD je sko\u010dio za 25 odsto u prethodne dve nedelje, ta\u010dnije, u periodu izme\u0111u 3. i 17. decembra, saop\u0161tilo je udru\u017eenje Ameri\u010dke pedijatrijske akademije (AAP).<\/p>\n\n\n\n<p class=\"wp-block-paragraph\">Vi\u0161e od 1,8 miliona dece \u0161irom SAD je testirano pozitivno na korona virus od po\u010detka pandemije, pi\u0161e AAP u najnovijem izve\u0161taju.<\/p>\n\n\n\n<p class=\"wp-block-paragraph\">Samo pro\u0161le nedelje broj obolele dece bio je ve\u0107i od 182.000, \u0161to je najve\u0107i porast oblelih mali\u0161ana u jednoj nedelji.<\/p>\n\n\n\n<p class=\"wp-block-paragraph\">Komplikacije, hospitalizacija i smrtni ishod od kovida 19 su i dalje veoma retki me\u0111u najmla\u0111om populacijom.<\/p>\n\n\n\n<p class=\"wp-block-paragraph\">&#8222;Ipak, moramo \u0161to pre da prikupimo \u0161to vi\u0161e podataka na dugotrajan efekat pandemije na decu, uklju\u010duju\u0107i i na\u010dine na koji virus mo\u017ee da na du\u017ee staze o\u0161teti de\u010dje zdravlje, ali i da im izazove emotivne i mentalne probleme&#8220;, pi\u0161e AAP na svom sajtu.<\/p>\n\n\n\n<p class=\"wp-block-paragraph\">Od 17. decembra, kada je re\u010d o hospitalizovanim osobama, procenjuje se da deca \u010dine izme\u0111u 1.1 i 2.8 odsto, zavisno od dr\u017eave.<\/p>\n\n\n\n<p class=\"wp-block-paragraph\">Izme\u0111u 0.2 odsto i \u010detiri odsto svih de\u010djih kovid 19 slu\u010dajeva su rezultirali hospitalizacijom u dr\u017eavama koje su vodile evidenciju, a manje od 0.21 odsto dece je preminulo od korna virusa.<\/p>\n\n\n\n<p class=\"wp-block-paragraph\">U 13 ameri\u010dkih dr\u017eava nije bilo preminule dece od kovida 19, a na celoj teritoriji SAD, smrtnost me\u0111u decom je 0.09 odsto.<\/p>\n\n\n\n<p class=\"wp-block-paragraph\">AAP decom smatra mla\u0111u populaciju do 17 godina.<\/p>\n\n\n\n<p class=\"wp-block-paragraph\">Brojke  su potcenjene i nekompletne, jer sve ameri\u010dke dr\u017eave ne daju izve\u0161taje na isti na\u010din.<\/p>\n\n\n\n<p class=\"wp-block-paragraph\">Vi\u0161e informacija potra\u017eite <a href=\"https:\/\/edition.cnn.com\/2020\/11\/23\/health\/us-coronavirus-monday\/index.html\" target=\"_blank\" rel=\"noreferrer noopener\">here<\/a>.<\/p>\n\n\n\n<p class=\"wp-block-paragraph\" style=\"font-size:10px\">IZVOR: TANJUG I FOTO: UNSPLASH<\/p>","protected":false},"excerpt":{"rendered":"<p>Broj obolele dece od koronavirusa u SAD je sko\u010dio za 25 odsto u prethodne dve nedelje, ta\u010dnije, u periodu izme\u0111u 3. i 17. decembra, saop\u0161tilo je udru\u017eenje Ameri\u010dke pedijatrijske akademije (AAP). Vi\u0161e od 1,8 miliona dece \u0161irom SAD je testirano pozitivno na korona virus od po\u010detka pandemije, pi\u0161e AAP u najnovijem izve\u0161taju. Samo pro\u0161le nedelje [&hellip;]<\/p>\n","protected":false},"author":3,"featured_media":0,"comment_status":"","ping_status":"","sticky":false,"template":"","format":"standard","meta":{"footnotes":""},"categories":[368,369],"tags":[67516,67517,383,26820,376,67518,56196,380,67519],"class_list":["post-43143","post","type-post","status-publish","format-standard","hentry","category-vesti-amerika","category-vesti","tag-americka-pedijatrijska-akademija","tag-broj-obolele-dece","tag-covid-19","tag-hospitalizacija","tag-koronavirus","tag-najmladja-populacija","tag-obolela-deca","tag-pandemija","tag-porast-25"],"_links":{"self":[{"href":"https:\/\/chicagodesavanja.us\/en\/wp-json\/wp\/v2\/posts\/43143","targetHints":{"allow":["GET"]}}],"collection":[{"href":"https:\/\/chicagodesavanja.us\/en\/wp-json\/wp\/v2\/posts"}],"about":[{"href":"https:\/\/chicagodesavanja.us\/en\/wp-json\/wp\/v2\/types\/post"}],"author":[{"embeddable":true,"href":"https:\/\/chicagodesavanja.us\/en\/wp-json\/wp\/v2\/users\/3"}],"replies":[{"embeddable":true,"href":"https:\/\/chicagodesavanja.us\/en\/wp-json\/wp\/v2\/comments?post=43143"}],"version-history":[{"count":0,"href":"https:\/\/chicagodesavanja.us\/en\/wp-json\/wp\/v2\/posts\/43143\/revisions"}],"wp:attachment":[{"href":"https:\/\/chicagodesavanja.us\/en\/wp-json\/wp\/v2\/media?parent=43143"}],"wp:term":[{"taxonomy":"category","embeddable":true,"href":"https:\/\/chicagodesavanja.us\/en\/wp-json\/wp\/v2\/categories?post=43143"},{"taxonomy":"post_tag","embeddable":true,"href":"https:\/\/chicagodesavanja.us\/en\/wp-json\/wp\/v2\/tags?post=43143"}],"curies":[{"name":"WP","href":"https:\/\/api.w.org\/{rel}","templated":true}]}}