{"id":43110,"date":"2020-12-26T11:08:28","date_gmt":"2020-12-26T11:08:28","guid":{"rendered":"https:\/\/chicagodesavanja.us\/japan-apeluje-na-bajdena\/"},"modified":"2020-12-26T11:08:28","modified_gmt":"2020-12-26T11:08:28","slug":"japan-apeluje-na-bajdena","status":"publish","type":"post","link":"https:\/\/chicagodesavanja.us\/en\/vesti\/japan-apeluje-na-bajdena\/","title":{"rendered":"Japan apeluje na Bajdena"},"content":{"rendered":"<p class=\"wp-block-paragraph\">Japanski zvani\u010dnik odbrane Jasuhide Nakajama pozvao je danas novoizabranog predsednika SAD D\u017eoa Bajdena da &#8222;bude jak&#8220; u pru\u017eanju podr\u0161ke Tajvanu.<\/p>\n\n\n\n<p class=\"wp-block-paragraph\">Kako je naveo, Bajden treba da pru\u017ei podr\u0161ku Tajvanu pred agresivnom Kinom, nazivaju\u0107i bezbednost ostrva &#8222;crvenom linijom&#8220;.<\/p>\n\n\n\n<p class=\"wp-block-paragraph\">&#8222;Zabrinuti smo da \u0107e Kina pro\u0161iriti svoj agresivni stav i na podru\u010dja koja nisu Hongkong. Mislim da je jedna od narednih meta ili ono \u0161to sve brine Tajvan&#8220;, rekao je dr\u017eavni ministar odbrane Nakajama za Rojters. On je pozvao Bajdena da zauzme sli\u010dan stav prema Tajvanu kao i odlaze\u0107i predsednik Donald Tramp, koji je zna\u010dajno podstakao prodaju vojne opreme ostrvu i pove\u0107ao anga\u017eman.<\/p>\n\n\n\n<p class=\"wp-block-paragraph\">Anga\u017eman Japana sa Tajvanom tako\u0111e je procvetao poslednjih godina uglavnom na nevladinoj osnovi. Tokio po\u0161tuje politiku \u201ejedne Kine\u201c, delikatno balansiraju\u0107i svoje odnose sa susednom gigantskom Kinom i svojim dugogodi\u0161njim vojnim saveznikom u Va\u0161ingtonu.<\/p>\n\n\n\n<p class=\"wp-block-paragraph\">Japan deli strate\u0161ke interese sa Tajvanom, koji sedi u morskim putevima kroz koje proti\u010de ve\u0107i deo snabdevanja i trgovine Japana.<\/p>\n\n\n\n<p class=\"wp-block-paragraph\" style=\"font-size:10px\">SOURCE: <a href=\"https:\/\/www.b92.net\/info\/vesti\/index.php?yyyy=2020&amp;mm=12&amp;dd=25&amp;nav_category=78&amp;nav_id=1786155\" target=\"_blank\" rel=\"noreferrer noopener\">B92<\/a> PHOTO: SCREENSHOT<\/p>\n\n\n\n<p class=\"wp-block-paragraph\"><\/p>","protected":false},"excerpt":{"rendered":"<p>Japanski zvani\u010dnik odbrane Jasuhide Nakajama pozvao je danas novoizabranog predsednika SAD D\u017eoa Bajdena da &#8222;bude jak&#8220; u pru\u017eanju podr\u0161ke Tajvanu. Kako je naveo, Bajden treba da pru\u017ei podr\u0161ku Tajvanu pred agresivnom Kinom, nazivaju\u0107i bezbednost ostrva &#8222;crvenom linijom&#8220;. &#8222;Zabrinuti smo da \u0107e Kina pro\u0161iriti svoj agresivni stav i na podru\u010dja koja nisu Hongkong. Mislim da je [&hellip;]<\/p>\n","protected":false},"author":1,"featured_media":0,"comment_status":"","ping_status":"","sticky":false,"template":"","format":"standard","meta":{"footnotes":""},"categories":[368,369],"tags":[67441,455,5532,5816,568,17542,1215],"class_list":["post-43110","post","type-post","status-publish","format-standard","hentry","category-vesti-amerika","category-vesti","tag-apeluje","tag-bajden","tag-japan","tag-podrska","tag-sad","tag-tajvan","tag-vesti"],"_links":{"self":[{"href":"https:\/\/chicagodesavanja.us\/en\/wp-json\/wp\/v2\/posts\/43110","targetHints":{"allow":["GET"]}}],"collection":[{"href":"https:\/\/chicagodesavanja.us\/en\/wp-json\/wp\/v2\/posts"}],"about":[{"href":"https:\/\/chicagodesavanja.us\/en\/wp-json\/wp\/v2\/types\/post"}],"author":[{"embeddable":true,"href":"https:\/\/chicagodesavanja.us\/en\/wp-json\/wp\/v2\/users\/1"}],"replies":[{"embeddable":true,"href":"https:\/\/chicagodesavanja.us\/en\/wp-json\/wp\/v2\/comments?post=43110"}],"version-history":[{"count":0,"href":"https:\/\/chicagodesavanja.us\/en\/wp-json\/wp\/v2\/posts\/43110\/revisions"}],"wp:attachment":[{"href":"https:\/\/chicagodesavanja.us\/en\/wp-json\/wp\/v2\/media?parent=43110"}],"wp:term":[{"taxonomy":"category","embeddable":true,"href":"https:\/\/chicagodesavanja.us\/en\/wp-json\/wp\/v2\/categories?post=43110"},{"taxonomy":"post_tag","embeddable":true,"href":"https:\/\/chicagodesavanja.us\/en\/wp-json\/wp\/v2\/tags?post=43110"}],"curies":[{"name":"WP","href":"https:\/\/api.w.org\/{rel}","templated":true}]}}