{"id":43066,"date":"2020-12-30T05:32:00","date_gmt":"2020-12-30T05:32:00","guid":{"rendered":"https:\/\/chicagodesavanja.us\/mic-mekonel-protiv-glasanja-za-veci-iznos-cekova\/"},"modified":"2020-12-30T05:32:00","modified_gmt":"2020-12-30T05:32:00","slug":"mic-mekonel-protiv-glasanja-za-veci-iznos-cekova","status":"publish","type":"post","link":"https:\/\/chicagodesavanja.us\/en\/vesti\/mic-mekonel-protiv-glasanja-za-veci-iznos-cekova\/","title":{"rendered":"Mekonel blokirao glasanje za vec\u0301i iznos \u010dekova"},"content":{"rendered":"<p class=\"wp-block-paragraph\">Lider senatske ve\u0107ine Mi\u010d Mekonel ustao je protiv ve\u0107eg iznosa stimulativnih \u010dekova za mnoge Amerikance u okviru novog paketa pomo\u0107i.<\/p>\n\n\n\n<p class=\"wp-block-paragraph\">Time je blokirao poziv demokrata za samostalno glasanje o ve\u0107im isplatama koje je tra\u017eio predsednik Tramp. Ve\u0107ina republikanaca protivila se pove\u0107anju iznosa \u010dekova.<\/p>\n\n\n\n<p class=\"wp-block-paragraph\"><a href=\"https:\/\/chicagodesavanja.us\/en\/vesti\/povecanje-iznosa-cekova-odobreno-od-strane-doma\/\" target=\"_blank\" rel=\"noreferrer noopener\">Predstavni\u010dki dom je izglasao ovaj zahtev da se pove\u0107a iznos na $2.000.<\/a><\/p>\n\n\n\n<p class=\"wp-block-paragraph\">Republikanac iz Kentakija rekao je da \u0107e se Senat obratiti zahtevima gospodina Trampa da pove\u0107a veli\u010dinu \u010dekova sa $600 na $2.000.<\/p>\n\n\n\n<p class=\"wp-block-paragraph\">Dodao je da je zaj zahtev u vezi sa dve druge predsednikove zabrinutosti kojima nedostaje dvostrana\u010dka podr\u0161ka. Re\u010d je o promeni pravila o govoru na dru\u0161tvenim mre\u017eama i njegovoj \u017ealbi na navodnu izbornu prevaru.<\/p>\n\n\n\n<p class=\"wp-block-paragraph\">Preduzeo je korake da sve tri stavke stavi u jedan predlog zakona, bez zakazivanja glasanja.<\/p>\n\n\n\n<p class=\"wp-block-paragraph\">\u201eOve sedmice Senat \u0107e zapo\u010deti proces usredsre\u0111ivanja na ova tri prioriteta\u201c, rekao je Mi\u010d Mekonel.<\/p>\n\n\n\n<p class=\"wp-block-paragraph\">Demokrate su rekle da je gospodin Mekonel odlukom da \u010dekove pridru\u017ei spornim pitanjima re\u0161io da umanji napore za ve\u0107e isplate.<\/p>\n\n\n\n<p class=\"wp-block-paragraph\">Takav zakon \u201ene\u0107e pro\u0107i kroz Dom i ne mo\u017ee postati zakon. Svaki ovakav potez senatora Mekonela bio bi eklatantan poku\u0161aj da se Amerikancima oduzme \u010dek za pre\u017eivljavanje od $2.000 dolara\u201c, rekao je lider manjine u Senatu \u010cak \u0160umer.<\/p>\n\n\n\n<p class=\"wp-block-paragraph\">You can find more information <a href=\"https:\/\/www.wsj.com\/articles\/mcconnell-says-senate-will-address-trumps-call-for-bigger-stimulus-checks-11609263622\" target=\"_blank\" rel=\"noreferrer noopener\">here<\/a>.<\/p>\n\n\n\n<p class=\"wp-block-paragraph\" style=\"font-size:10px\">IZVOR: THE WALL STREET JOURNAL FOTO: THE NEW YORK TIMES<\/p>","protected":false},"excerpt":{"rendered":"<p>Lider senatske ve\u0107ine Mi\u010d Mekonel ustao je protiv ve\u0107eg iznosa stimulativnih \u010dekova za mnoge Amerikance u okviru novog paketa pomo\u0107i. Time je blokirao poziv demokrata za samostalno glasanje o ve\u0107im isplatama koje je tra\u017eio predsednik Tramp. Ve\u0107ina republikanaca protivila se pove\u0107anju iznosa \u010dekova. Predstavni\u010dki dom je izglasao ovaj zahtev da se pove\u0107a iznos na $2.000. [&hellip;]<\/p>\n","protected":false},"author":3,"featured_media":0,"comment_status":"","ping_status":"","sticky":false,"template":"","format":"standard","meta":{"footnotes":""},"categories":[368,369],"tags":[56321,12405,2885,376,67337,67338,67339,38493,38786,380,55680,411,67340,67341,67342],"class_list":["post-43066","post","type-post","status-publish","format-standard","hentry","category-vesti-amerika","category-vesti","tag-cak-sumer-2","tag-chuck-schumer","tag-kongres","tag-koronavirus","tag-lider-manjine","tag-lider-vecine","tag-mcconnell","tag-mitch-mcconnell","tag-novi-paket-pomoci","tag-pandemija","tag-stimulativni-cekovi-2","tag-tramp","tag-veci-iznos-cekova","tag-voda-vecine-u-senatu","tag-zahtev-trampa"],"_links":{"self":[{"href":"https:\/\/chicagodesavanja.us\/en\/wp-json\/wp\/v2\/posts\/43066","targetHints":{"allow":["GET"]}}],"collection":[{"href":"https:\/\/chicagodesavanja.us\/en\/wp-json\/wp\/v2\/posts"}],"about":[{"href":"https:\/\/chicagodesavanja.us\/en\/wp-json\/wp\/v2\/types\/post"}],"author":[{"embeddable":true,"href":"https:\/\/chicagodesavanja.us\/en\/wp-json\/wp\/v2\/users\/3"}],"replies":[{"embeddable":true,"href":"https:\/\/chicagodesavanja.us\/en\/wp-json\/wp\/v2\/comments?post=43066"}],"version-history":[{"count":0,"href":"https:\/\/chicagodesavanja.us\/en\/wp-json\/wp\/v2\/posts\/43066\/revisions"}],"wp:attachment":[{"href":"https:\/\/chicagodesavanja.us\/en\/wp-json\/wp\/v2\/media?parent=43066"}],"wp:term":[{"taxonomy":"category","embeddable":true,"href":"https:\/\/chicagodesavanja.us\/en\/wp-json\/wp\/v2\/categories?post=43066"},{"taxonomy":"post_tag","embeddable":true,"href":"https:\/\/chicagodesavanja.us\/en\/wp-json\/wp\/v2\/tags?post=43066"}],"curies":[{"name":"WP","href":"https:\/\/api.w.org\/{rel}","templated":true}]}}