{"id":43018,"date":"2021-01-04T06:15:00","date_gmt":"2021-01-04T06:15:00","guid":{"rendered":"https:\/\/chicagodesavanja.us\/da-li-vakcinacija-zaustavlja-sirenje-virusa\/"},"modified":"2021-01-04T06:15:00","modified_gmt":"2021-01-04T06:15:00","slug":"da-li-vakcinacija-zaustavlja-sirenje-virusa","status":"publish","type":"post","link":"https:\/\/chicagodesavanja.us\/en\/vesti\/da-li-vakcinacija-zaustavlja-sirenje-virusa\/","title":{"rendered":"When will we know if vaccination has stopped the spread of the virus?"},"content":{"rendered":"<p class=\"wp-block-paragraph\">Glavni nau\u010dni savetnik Operacije Warp Speed, Moncef Slaoui, rekao je u nedelju da mogu pro\u0107i meseci pre nego \u0161to istra\u017eiva\u010di sa sigurno\u0161\u0107u saznaju da li je vakcinacija zaustavila \u0161irenje virusa.<\/p>\n\n\n\n<p class=\"wp-block-paragraph\">Rekao je da se ne mo\u017ee odmah znati da li je osoba koja je primila vakcinu mo\u017ee preneti na druge virus.<\/p>\n\n\n\n<p class=\"wp-block-paragraph\">U emisiji CBS \u201eFace the Nation\u201c, voditeljka Margaret Brennan pitala je Slaouija kada \u0107e nau\u010dnici znati da li je takav prenos mogu\u0107.<\/p>\n\n\n\n<p class=\"wp-block-paragraph\">Klju\u010dni faktor za odre\u0111ivanje kada \u0107e SAD razviti imunitet stada na virus je vreme, naveo je.<\/p>\n\n\n\n<p class=\"wp-block-paragraph\">\u201eImate li datum kada \u0107ete znati da li nakon vakcinacije i dalje mo\u017eete preneti virus drugima?\u201c upitala je Brennan.<\/p>\n\n\n\n<p class=\"wp-block-paragraph\">\u201eNemamo\u201c, odgovorio je Slaoui. \u201eIskreno, te studije \u0107e se zasnivati na podacima posmatranja stanovni\u0161tva. Mislim da ne\u0107emo imati podatke pre kasno u prole\u0107e.&#8220;<\/p>\n\n\n\n<p class=\"wp-block-paragraph\">Tako\u0111e se dotakao izve\u0161taja o ka\u0161njenjima u sprovo\u0111enju vakcinacije \u0161irom SAD. Ukazao je na to kako je dr Jerome Adams rekao da je 1,5 miliona Amerikanaca primilo vakcine u poslednja 72 sata.<\/p>\n\n\n\n<p class=\"wp-block-paragraph\">\u201eNa\u0161a pretpostavka je bila da postoji plan za imunizaciju&#8220;, rekao je Slaoui.<\/p>\n\n\n\n<p class=\"wp-block-paragraph\">\u201eMi stojimo ovde da bismo pomogli bilo kojem konkretnom zahtevu. U\u010dini\u0107emo najbolje \u0161to mo\u017eemo, kao \u0161to smo to \u010dinili tokom poslednjih osam meseci, da ove vakcine zaista do\u0111u do ljudi.&#8220;<\/p>\n\n\n\n<p class=\"wp-block-paragraph\">Najvi\u0161i savezni zvani\u010dnici branili su tempo distribucije vakcina kompanija Fajzer i Moderna tokom proteklih nekoliko dana.<\/p>\n\n\n\n<p class=\"wp-block-paragraph\">Ne\u0161to vi\u0161e od 4 miliona doza je dato u SAD.<\/p>\n\n\n\n<p class=\"wp-block-paragraph\">\u201eNegde postoji zaostajanje u na\u010dinu izra\u010dunavanja brojeva, ali sigurno je to broj koji je manji od 14 miliona doza koje su nam ve\u0107 na raspolaganju&#8220;, rekao je Slaoui pro\u0161le nedelje. \u201eSla\u017eemo se da je taj broj manji od onoga \u010demu smo se nadali.<\/p>\n\n\n\n<p class=\"wp-block-paragraph\">You can find more information <a href=\"https:\/\/thehill.com\/homenews\/sunday-talk-shows\/532422-slaoui-could-be-months-before-we-know-if-covid-transmission\" target=\"_blank\" rel=\"noreferrer noopener\">here<\/a>.<\/p>\n\n\n\n<p class=\"wp-block-paragraph\" style=\"font-size:10px\">IZVOR: THE HILL FOTO: PEXELS<\/p>","protected":false},"excerpt":{"rendered":"<p>Glavni nau\u010dni savetnik Operacije Warp Speed, Moncef Slaoui, rekao je u nedelju da mogu pro\u0107i meseci pre nego \u0161to istra\u017eiva\u010di sa sigurno\u0161\u0107u saznaju da li je vakcinacija zaustavila \u0161irenje virusa. Rekao je da se ne mo\u017ee odmah znati da li je osoba koja je primila vakcinu mo\u017ee preneti na druge virus. U emisiji CBS \u201eFace [&hellip;]<\/p>\n","protected":false},"author":3,"featured_media":0,"comment_status":"","ping_status":"","sticky":false,"template":"","format":"standard","meta":{"footnotes":""},"categories":[431,369],"tags":[67217,383,30257,58583,31079,5804,376,415,67218,380,1403,568,15612,60650,422,16932,16359,63823,67219],"class_list":["post-43018","post","type-post","status-publish","format-standard","hentry","category-svet","category-vesti","tag-cbs-gostovanje","tag-covid-19","tag-fajzer","tag-fajzer-biontech","tag-imunizacija","tag-intervju","tag-koronavirus","tag-moderna","tag-moncef-slaoui","tag-pandemija","tag-prenos-virusa","tag-sad","tag-sirenje-virusa","tag-vaccine","tag-vakcina","tag-vakcinacija","tag-vakcine","tag-vakcinisani-ljudi","tag-vreme-delovanja"],"_links":{"self":[{"href":"https:\/\/chicagodesavanja.us\/en\/wp-json\/wp\/v2\/posts\/43018","targetHints":{"allow":["GET"]}}],"collection":[{"href":"https:\/\/chicagodesavanja.us\/en\/wp-json\/wp\/v2\/posts"}],"about":[{"href":"https:\/\/chicagodesavanja.us\/en\/wp-json\/wp\/v2\/types\/post"}],"author":[{"embeddable":true,"href":"https:\/\/chicagodesavanja.us\/en\/wp-json\/wp\/v2\/users\/3"}],"replies":[{"embeddable":true,"href":"https:\/\/chicagodesavanja.us\/en\/wp-json\/wp\/v2\/comments?post=43018"}],"version-history":[{"count":0,"href":"https:\/\/chicagodesavanja.us\/en\/wp-json\/wp\/v2\/posts\/43018\/revisions"}],"wp:attachment":[{"href":"https:\/\/chicagodesavanja.us\/en\/wp-json\/wp\/v2\/media?parent=43018"}],"wp:term":[{"taxonomy":"category","embeddable":true,"href":"https:\/\/chicagodesavanja.us\/en\/wp-json\/wp\/v2\/categories?post=43018"},{"taxonomy":"post_tag","embeddable":true,"href":"https:\/\/chicagodesavanja.us\/en\/wp-json\/wp\/v2\/tags?post=43018"}],"curies":[{"name":"WP","href":"https:\/\/api.w.org\/{rel}","templated":true}]}}