{"id":42950,"date":"2021-01-11T04:02:00","date_gmt":"2021-01-11T04:02:00","guid":{"rendered":"https:\/\/chicagodesavanja.us\/dzejk-andzeli-saman-kjuanon-uhapsen\/"},"modified":"2021-01-11T04:02:00","modified_gmt":"2021-01-11T04:02:00","slug":"dzejk-andzeli-saman-kjuanon-uhapsen","status":"publish","type":"post","link":"https:\/\/chicagodesavanja.us\/en\/vesti\/dzejk-andzeli-saman-kjuanon-uhapsen\/","title":{"rendered":"Uhap\u0161en \u201e\u0161aman Kjuanona\u201c D\u017eejk And\u017eeli zbog upada u Kongres"},"content":{"rendered":"<p class=\"wp-block-paragraph\">U SAD su usledila nova hap\u0161enja nakon nasilnog upada pristalica predsednika Donalda Trampa u ameri\u010dki Kongres kada je poginulo pet osoba. Uhap\u0161eni su Adam Kristijan D\u017eonson i D\u017eejk And\u017eeli.<\/p>\n\n\n\n<p class=\"wp-block-paragraph\">\u010covek koji je snimljen kako nosi govornicu iz sale Predstavni\u010dkog doma za vreme upada u zgradu ameri\u010dkog Kongresa uhap\u0161en je u petak ve\u010de, prenosi Glas Amerike.Adam Kristijan D\u017eonson sa Floride priveden je na osnovu federalnog naloga za hap\u0161enje, a identifikovan je na dru\u0161tvenim mre\u017eama nakon \u0161to je FBI od gradjana zatra\u017eio informacije o prestupnicima.<\/p>\n\n\n\n<p class=\"wp-block-paragraph\">D\u017eonson bi u ponedeljak trebalo da bude izveden pred federalni sud.<\/p>\n\n\n\n<p class=\"wp-block-paragraph\">Policiji se predao i D\u017eejkob Entoni \u010censli, zvani D\u017eejk And\u017eeli, koji se u zgradi Kongresa slikao ogrnut krznom, sa rogovima i kopljem sa ameri\u010dkom zastavom.<\/p>\n\n\n\n<p class=\"wp-block-paragraph\">Sekretarijat za pravosudje saop\u0161tio je da je D\u017eejk And\u017eeli , koji sebe naziva \u201e\u0161amanom Kjuanona\u201c, u \u010detvrtak zvao kancelariju FBI u Va\u0161ingtonu, da je dobrovoljno razgovarao za organima za sprovodjenje zakona i rekao da je do\u0161ao sa grupom \u201edrugih patriota\u201c iz Arizone na zahtev predsednika da \u201esve patriote\u201c dodju u prestonicu 6. januara.<\/p>\n\n\n\n<p class=\"wp-block-paragraph\">I \u010censli i D\u017eonson su, izmedju ostalog, optu\u017eeni za nasilni upad i nezakonito pona\u0161anje u kompleksu Kapitola.<\/p>\n\n\n\n<p class=\"wp-block-paragraph\">Posle upada su uhap\u0161ene desetine ljudi, a federalni agenti tragaju za jo\u0161 desetinama Trampovih pristalica.<\/p>\n\n\n\n<p class=\"wp-block-paragraph\" style=\"font-size:10px\">SOURCE: <a href=\"https:\/\/rs.n1info.com\/svet\/uhapsen-saman-kanona-dzejk-andzeli-zbog-upada-u-kongres\/\" target=\"_blank\" rel=\"noreferrer noopener\">N1<\/a> I FOTO: REUTERS<\/p>","protected":false},"excerpt":{"rendered":"<p>U SAD su usledila nova hap\u0161enja nakon nasilnog upada pristalica predsednika Donalda Trampa u ameri\u010dki Kongres kada je poginulo pet osoba. Uhap\u0161eni su Adam Kristijan D\u017eonson i D\u017eejk And\u017eeli. \u010covek koji je snimljen kako nosi govornicu iz sale Predstavni\u010dkog doma za vreme upada u zgradu ameri\u010dkog Kongresa uhap\u0161en je u petak ve\u010de, prenosi Glas Amerike.Adam [&hellip;]<\/p>\n","protected":false},"author":3,"featured_media":0,"comment_status":"","ping_status":"","sticky":false,"template":"","format":"standard","meta":{"footnotes":""},"categories":[368,369],"tags":[67026,1339,67027,18760,67028,67029,67030,4214,67031,67032,67033,56168,1604],"class_list":["post-42950","post","type-post","status-publish","format-standard","hentry","category-vesti-amerika","category-vesti","tag-dzejk-andzeli","tag-federalni-agenti","tag-govornica","tag-kapitol","tag-kompleks-kapitola","tag-koplje","tag-krzno","tag-predstavnicki-dom-2","tag-pristalica-donalda-trampa","tag-rogovi","tag-saman-kjuanona","tag-upad-u-kongres","tag-washington"],"_links":{"self":[{"href":"https:\/\/chicagodesavanja.us\/en\/wp-json\/wp\/v2\/posts\/42950","targetHints":{"allow":["GET"]}}],"collection":[{"href":"https:\/\/chicagodesavanja.us\/en\/wp-json\/wp\/v2\/posts"}],"about":[{"href":"https:\/\/chicagodesavanja.us\/en\/wp-json\/wp\/v2\/types\/post"}],"author":[{"embeddable":true,"href":"https:\/\/chicagodesavanja.us\/en\/wp-json\/wp\/v2\/users\/3"}],"replies":[{"embeddable":true,"href":"https:\/\/chicagodesavanja.us\/en\/wp-json\/wp\/v2\/comments?post=42950"}],"version-history":[{"count":0,"href":"https:\/\/chicagodesavanja.us\/en\/wp-json\/wp\/v2\/posts\/42950\/revisions"}],"wp:attachment":[{"href":"https:\/\/chicagodesavanja.us\/en\/wp-json\/wp\/v2\/media?parent=42950"}],"wp:term":[{"taxonomy":"category","embeddable":true,"href":"https:\/\/chicagodesavanja.us\/en\/wp-json\/wp\/v2\/categories?post=42950"},{"taxonomy":"post_tag","embeddable":true,"href":"https:\/\/chicagodesavanja.us\/en\/wp-json\/wp\/v2\/tags?post=42950"}],"curies":[{"name":"WP","href":"https:\/\/api.w.org\/{rel}","templated":true}]}}