{"id":42928,"date":"2021-01-13T05:12:00","date_gmt":"2021-01-13T05:12:00","guid":{"rendered":"https:\/\/chicagodesavanja.us\/ko-ispunjava-uslove-za-sledecu-fazu-vakcinacije\/"},"modified":"2021-01-13T05:12:00","modified_gmt":"2021-01-13T05:12:00","slug":"ko-ispunjava-uslove-za-sledecu-fazu-vakcinacije","status":"publish","type":"post","link":"https:\/\/chicagodesavanja.us\/en\/vesti\/ko-ispunjava-uslove-za-sledecu-fazu-vakcinacije\/","title":{"rendered":"Da li ispunjavate uslove za vakcinaciju u slede\u0107oj fazi plana Ilinoisa?"},"content":{"rendered":"<p class=\"wp-block-paragraph\">O\u010dekuje se da \u0107e vi\u0161e od 3 miliona stanovnika Ilinoisa ispuniti uslove za primanje vakcine protiv koronavirusa u slede\u0107oj fazi dr\u017eavnog plana.<\/p>\n\n\n\n<p class=\"wp-block-paragraph\">Guverner J. B. Pricker rekao je da planira da tokom ove nedelje objavi kada \u0107e dr\u017eava u\u0107i u fazu 1B.<\/p>\n\n\n\n<p class=\"wp-block-paragraph\">Prelazak u slede\u0107u fazu ne\u0107e zna\u010diti da oni koji ispunjavaju uslove za prvu fazu jo\u0161 uvek ne mogu da prime vakcinu.<\/p>\n\n\n\n<p class=\"wp-block-paragraph\">\u201eO\u010dekujem da \u0107u zvani\u010dno objaviti tokom ove nedelje kada \u0107e dr\u017eava Ilinois pre\u0107i u fazu 1B&#8220;, rekao je Pricker.<\/p>\n\n\n\n<p class=\"wp-block-paragraph\">\u201eNaravno, svako ko je u fazi 1A odlu\u010dio da se ne vakcini\u0161e uvek \u0107e mo\u0107i da se opredeli za bilo koji naredni krug\u201c, dodao je.<\/p>\n\n\n\n<p class=\"wp-block-paragraph\">Faza 1B bi\u0107e usredsre\u0111ena na stanovnike starije od 65 godina i na \u201eosnovne radnike\u201c. Uslove ispunjava i obrazovni kadar, poput nastavnika i pomo\u0107nog osoblja, zatim zaposlenici u prehrambenim radnjama, radnici po\u0161tanskih usluga i jo\u0161 mnogo njih.<\/p>\n\n\n\n<p class=\"wp-block-paragraph\">Starosna granica u Ilinoisu je 10 godina ni\u017ea od preporuka Savetodavnog komiteta za imunizacijske prakse. Cilj je da se smanji \u2018mortalitet od kovida 19 i ograni\u010di \u0161irenje zajednice u afroameri\u010dkim zajednicama&#8220;, rekao je guverner.<\/p>\n\n\n\n<p class=\"wp-block-paragraph\">Faza 1B obuhvati\u0107e otprilike 3,2 miliona stanovnika Ilinoisa, prema navodima dr\u017eave. Uslove za vakcinaciju ispunjava\u0107e gra\u0111ani raznih struka i profila.<\/p>\n\n\n\n<p class=\"wp-block-paragraph\">Ilinois je do nedelje uve\u010de u celini primenio pribli\u017eno 334.939 doza vakcine.<\/p>\n\n\n\n<p class=\"wp-block-paragraph\">\u201ePosti\u017eemo va\u017ean napredak u fazi 1A i cenim naporan rad zdravstvenih radnika \u0161irom dr\u017eave kako bi \u0161to br\u017ee pro\u0161li kroz ovu fazu\u201c, rekao je Pricker.<\/p>\n\n\n\n<p class=\"wp-block-paragraph\">\u010cika\u0161ki zdravstveni zvani\u010dnici rekli su da o\u010dekuju da \u0107e faza 1B u gradu po\u010deti u februaru ili martu.<\/p>\n\n\n\n<p class=\"wp-block-paragraph\">\u201eMnogo zavisi od toga koliko brzo vakcina dolazi do nas\u201c, rekla je komesarka za javno zdravlje \u010cikaga dr Elison Arvadi. \u201eTrenutno dobijamo oko 32.000 doza prvih doza vakcine nedeljno.\u201c<\/p>\n\n\n\n<p class=\"wp-block-paragraph\">You can find more information <a href=\"https:\/\/www.nbcchicago.com\/news\/local\/are-you-eligible-to-get-vaccinated-in-the-next-phase-of-illinois-plan\/2414316\/\" target=\"_blank\" rel=\"noreferrer noopener\">here<\/a>.<\/p>\n\n\n\n<p class=\"wp-block-paragraph\" style=\"font-size:10px\">IZVOR: NBC CHICAGO FOTO: PEXELS<\/p>","protected":false},"excerpt":{"rendered":"<p>O\u010dekuje se da \u0107e vi\u0161e od 3 miliona stanovnika Ilinoisa ispuniti uslove za primanje vakcine protiv koronavirusa u slede\u0107oj fazi dr\u017eavnog plana. Guverner J. B. Pricker rekao je da planira da tokom ove nedelje objavi kada \u0107e dr\u017eava u\u0107i u fazu 1B. Prelazak u slede\u0107u fazu ne\u0107e zna\u010diti da oni koji ispunjavaju uslove za prvu [&hellip;]<\/p>\n","protected":false},"author":3,"featured_media":0,"comment_status":"","ping_status":"","sticky":false,"template":"","format":"standard","meta":{"footnotes":""},"categories":[368,369],"tags":[383,66951,66291,13393,31079,376,66952,55422,19185,63071,64869,16932,16359,46466,509],"class_list":["post-42928","post","type-post","status-publish","format-standard","hentry","category-vesti-amerika","category-vesti","tag-covid-19","tag-faza-1a","tag-faza-1b","tag-guverner-ilinoisa","tag-imunizacija","tag-koronavirus","tag-plan-drzave","tag-pricker","tag-pritzker","tag-sledeca-faza","tag-uslovi-za-vakcinaciju","tag-vakcinacija","tag-vakcine","tag-zdravstveni-radnici","tag-zdravstvo"],"_links":{"self":[{"href":"https:\/\/chicagodesavanja.us\/en\/wp-json\/wp\/v2\/posts\/42928","targetHints":{"allow":["GET"]}}],"collection":[{"href":"https:\/\/chicagodesavanja.us\/en\/wp-json\/wp\/v2\/posts"}],"about":[{"href":"https:\/\/chicagodesavanja.us\/en\/wp-json\/wp\/v2\/types\/post"}],"author":[{"embeddable":true,"href":"https:\/\/chicagodesavanja.us\/en\/wp-json\/wp\/v2\/users\/3"}],"replies":[{"embeddable":true,"href":"https:\/\/chicagodesavanja.us\/en\/wp-json\/wp\/v2\/comments?post=42928"}],"version-history":[{"count":0,"href":"https:\/\/chicagodesavanja.us\/en\/wp-json\/wp\/v2\/posts\/42928\/revisions"}],"wp:attachment":[{"href":"https:\/\/chicagodesavanja.us\/en\/wp-json\/wp\/v2\/media?parent=42928"}],"wp:term":[{"taxonomy":"category","embeddable":true,"href":"https:\/\/chicagodesavanja.us\/en\/wp-json\/wp\/v2\/categories?post=42928"},{"taxonomy":"post_tag","embeddable":true,"href":"https:\/\/chicagodesavanja.us\/en\/wp-json\/wp\/v2\/tags?post=42928"}],"curies":[{"name":"WP","href":"https:\/\/api.w.org\/{rel}","templated":true}]}}