{"id":42913,"date":"2021-01-14T13:41:49","date_gmt":"2021-01-14T13:41:49","guid":{"rendered":"https:\/\/chicagodesavanja.us\/predlog-novog-saveznog-paketa-predsednika-bajdena\/"},"modified":"2021-01-14T13:41:49","modified_gmt":"2021-01-14T13:41:49","slug":"predlog-novog-saveznog-paketa-predsednika-bajdena","status":"publish","type":"post","link":"https:\/\/chicagodesavanja.us\/en\/vesti\/predlog-novog-saveznog-paketa-predsednika-bajdena\/","title":{"rendered":"Bajden predstavlja predlog novog paketa pomo\u0107i"},"content":{"rendered":"<p class=\"wp-block-paragraph\">Novoizabrani predsednik D\u017eo Bajden u \u010detvrtak uve\u010de izne\u0107e predlog zakonodavnog paketa za Kongres.<\/p>\n\n\n\n<p class=\"wp-block-paragraph\">Predlog obuhvata napore njegove dolaze\u0107e administracije u vezi sa vakcinacijom protiv koronavirusa u zemlji. Tako\u0111e, paket treba da obuhvati i predlog direktne ekonomske pomo\u0107i gra\u0111anima Amerike.<\/p>\n\n\n\n<p class=\"wp-block-paragraph\">Novoizabrani predsednik rekao je ranije ove nedelje da mu je to \u2018prioritet broj jedan\u2019 kada preuzme du\u017enost vakcinisanje Amerikanaca.<\/p>\n\n\n\n<p class=\"wp-block-paragraph\">Tako\u0111e je pozvao Kongres da pru\u017ei trenutnu ekonomsku pomo\u0107 onima koji se bore \u0161irom zemlje. Ta pomo\u0107 bi uklju\u010divala i novi krug stimulativnih \u010dekova od $2.000.<\/p>\n\n\n\n<p class=\"wp-block-paragraph\">CNN je ranije izvestio da su Bajdenovi savetnici nedavno rekli saveznicima u Kongresu da o\u010dekuju paket od oko $2 biliona.<\/p>\n\n\n\n<p class=\"wp-block-paragraph\">Govor izabranog predsednika usledi\u0107e dan nakon \u0161to je Predstavni\u010dki dom glasao za opoziv predsednika Donalda Trampa po drugi put.<\/p>\n\n\n\n<p class=\"wp-block-paragraph\">Su\u0111enje u Senatu moglo bi zakomplikovati i odlo\u017eiti Bajdenove napore da brzo donese svoj zakonski paket o olak\u0161icama i vakcinaciji.<\/p>\n\n\n\n<p class=\"wp-block-paragraph\">Bajden, koji \u0107e na du\u017enost stupiti za manje od nedelju dana, pozvao je Kongres da obezbedi potrebna finansijska sredstva za napore protiv vakcinacije \u0161irom zemlje. Opisao je to kao \u201enajve\u0107i operativni izazov sa kojim smo se ikada suo\u010dili kao nacija\u201c.<\/p>\n\n\n\n<p class=\"wp-block-paragraph\">On se obavezao da \u0107e distribuirati 100 miliona vakcina protiv koronavirusa. Ta koli\u010dina treba da bude dovoljna da pokrije 50 miliona ljudi u njegovih prvih 100 dana na funkciji.<\/p>\n\n\n\n<p class=\"wp-block-paragraph\">Bajden je tako\u0111e kritikovao sprovo\u0111enje vakcinacije od strane Trampove administracije.<\/p>\n\n\n\n<p class=\"wp-block-paragraph\">Novoizabrani predsednik se obavezao da \u0107e poja\u010dati vakcinaciju. Tako\u0111e, upozorio je da bi, iako bi se pove\u0107ala na milion doza dnevno, i dalje trebalo meseci da se vakcini\u0161e ve\u0107ina stanovni\u0161tva.<\/p>\n\n\n\n<p class=\"wp-block-paragraph\">Oko 10,3 miliona ljudi primilo je prvu dozu vakcine, prema ameri\u010dkim Centrima za kontrolu i prevenciju bolesti.<\/p>\n\n\n\n<p class=\"wp-block-paragraph\">Bajden je vi\u0161e puta naglasio va\u017enost toga da Kongres pru\u017ea trenutnu ekonomsku pomo\u0107 Amerikancima, posebno onima koji su najte\u017ee pogo\u0111eni.<\/p>\n\n\n\n<p class=\"wp-block-paragraph\">You can find more information <a href=\"https:\/\/edition.cnn.com\/2021\/01\/14\/politics\/biden-vaccination-economic-rescue-package\/index.html\" target=\"_blank\" rel=\"noreferrer noopener\">here<\/a>.<\/p>\n\n\n\n<p class=\"wp-block-paragraph\" style=\"font-size:10px\">IZVOR: CNN FOTO: PEXELS<\/p>","protected":false},"excerpt":{"rendered":"<p>Novoizabrani predsednik D\u017eo Bajden u \u010detvrtak uve\u010de izne\u0107e predlog zakonodavnog paketa za Kongres. Predlog obuhvata napore njegove dolaze\u0107e administracije u vezi sa vakcinacijom protiv koronavirusa u zemlji. Tako\u0111e, paket treba da obuhvati i predlog direktne ekonomske pomo\u0107i gra\u0111anima Amerike. Novoizabrani predsednik rekao je ranije ove nedelje da mu je to \u2018prioritet broj jedan\u2019 kada preuzme [&hellip;]<\/p>\n","protected":false},"author":3,"featured_media":0,"comment_status":"","ping_status":"","sticky":false,"template":"","format":"standard","meta":{"footnotes":""},"categories":[368,369],"tags":[589,7897,31079,2885,42837,376,65703,65449,38786,55680,412,66919,422,16932],"class_list":["post-42913","post","type-post","status-publish","format-standard","hentry","category-vesti-amerika","category-vesti","tag-dzo-bajden-2","tag-gradani-amerike","tag-imunizacija","tag-kongres","tag-kongresmeni","tag-koronavirus","tag-napori","tag-novi-paket","tag-novi-paket-pomoci","tag-stimulativni-cekovi-2","tag-trampova-administracija","tag-treci-krug-isplate","tag-vakcina","tag-vakcinacija"],"_links":{"self":[{"href":"https:\/\/chicagodesavanja.us\/en\/wp-json\/wp\/v2\/posts\/42913","targetHints":{"allow":["GET"]}}],"collection":[{"href":"https:\/\/chicagodesavanja.us\/en\/wp-json\/wp\/v2\/posts"}],"about":[{"href":"https:\/\/chicagodesavanja.us\/en\/wp-json\/wp\/v2\/types\/post"}],"author":[{"embeddable":true,"href":"https:\/\/chicagodesavanja.us\/en\/wp-json\/wp\/v2\/users\/3"}],"replies":[{"embeddable":true,"href":"https:\/\/chicagodesavanja.us\/en\/wp-json\/wp\/v2\/comments?post=42913"}],"version-history":[{"count":0,"href":"https:\/\/chicagodesavanja.us\/en\/wp-json\/wp\/v2\/posts\/42913\/revisions"}],"wp:attachment":[{"href":"https:\/\/chicagodesavanja.us\/en\/wp-json\/wp\/v2\/media?parent=42913"}],"wp:term":[{"taxonomy":"category","embeddable":true,"href":"https:\/\/chicagodesavanja.us\/en\/wp-json\/wp\/v2\/categories?post=42913"},{"taxonomy":"post_tag","embeddable":true,"href":"https:\/\/chicagodesavanja.us\/en\/wp-json\/wp\/v2\/tags?post=42913"}],"curies":[{"name":"WP","href":"https:\/\/api.w.org\/{rel}","templated":true}]}}