{"id":42907,"date":"2021-01-15T06:00:00","date_gmt":"2021-01-15T06:00:00","guid":{"rendered":"https:\/\/chicagodesavanja.us\/filip-karadordevic-o-selidbi-u-beograd\/"},"modified":"2021-01-15T06:00:00","modified_gmt":"2021-01-15T06:00:00","slug":"filip-karadordevic-o-selidbi-u-beograd","status":"publish","type":"post","link":"https:\/\/chicagodesavanja.us\/en\/vesti\/filip-karadordevic-o-selidbi-u-beograd\/","title":{"rendered":"Danica i Filip Kara\u0111or\u0111evi\u0107 o selidbi u Beograd i reakcijama Srba na njihovog sina!"},"content":{"rendered":"<p class=\"wp-block-paragraph\">Danica i Filip Kara\u0111or\u0111evi\u0107 pre sedam meseci su doneli odluku da \u017eivot u Londonu zamene Beogradom. Njihov trogodi\u0161nji sin Stefan odrasta u srpskoj prestonici.<\/p>\n\n\n\n<p class=\"wp-block-paragraph\">\u2013 Trudimo se da pravilno usmeravamo Stefanove potrebe i narav. Stefan je naslednik dinastije o kojoj \u0107e najvi\u0161e u\u010diti od svojih roditelja i iz istorijskih knjiga i zapisa. I u tom kontekstu on pripada svom narodu, koji ga uveliko prepoznaje. Ljudi \u017eele da ga vide, da ostvare kontakt sa njim i sa svim onim \u0161to on simbolizuje \u2013 ispri\u010dao je princ Filip Kara\u0111or\u0111evi\u0107 i dodao:<\/p>\n\n\n\n<figure class=\"wp-block-embed is-type-rich is-provider-instagram wp-block-embed-instagram\"><div class=\"wp-block-embed__wrapper\">\nhttps:\/\/www.instagram.com\/p\/B7WDt-dJ98e\/?utm_source=ig_embed\n<\/div><\/figure>\n\n\n\n<p class=\"wp-block-paragraph\">\u2013 Stefan je prvi Kara\u0111or\u0111evi\u0107 koji je nakon 90 godina ro\u0111en u Srbiji, u Beogradu. Njegovo ro\u0111enje oglasila su zvona Hrama Svetog Save i manastira \u017di\u010da. To su zna\u010dajne stvari za jednog tako malog de\u010daka, koji sve vi\u0161e postaje svestan te pa\u017enje i interesovanja koje privla\u010di.<\/p>\n\n\n\n<p class=\"wp-block-paragraph\">\u2013 Stefan je u veoma energi\u010dnom dobu, radostan je i radoznao, otvoren i karakteran, i mi se trudimo da mu dajemo vetar u le\u0111a za sve njegove nove izazove i \u017eelje \u2013 dodala je princeza.  \u201ePrimrose Hill\u201d, zelena rezidencijalna oaza u delu grada gde smo \u017eiveli, bila nam je omiljeno mesto za \u0161etnju. Tamo smo vodili Stefana od ro\u0111enja, poznavali smo svaki kutak parka. <\/p>\n\n\n\n<p class=\"wp-block-paragraph\">\u2013Ipak, ni\u0161ta ne mo\u017ee da poremeti radost zbog po\u010dinjanja novog \u017eivotnog poglavlja. Srbija je na\u0161a ku\u0107a, a pravoslavlje nam uliva mir i sigurnost. Kreiramo dan kako nama odgovara, mada se sada sve vrti oko Stefana koji u na\u0161em \u017eivotu i srcu zauzima centralno mesto. Sre\u0107a je da \u017eivimo u delu grada koji je bogat zelenilom, pa \u010desto idemo u zajedni\u010dke \u0161etnje. Vredno radimo i dobro smo se uhodali u teku\u0107e obaveze, tako da nam ni\u0161ta ne nedostaje.<\/p>\n\n\n\n<p class=\"wp-block-paragraph\">\u2013 Filip ima dva brata i dve sestre a ja sam jedinica. Oboje verujemo da \u0107emo jednog dana imati veliku porodicu, ali danas su na\u0161e vreme, ljubav i pa\u017enja usmereni samo na na\u0161eg sina Stefana \u2013 ka\u017ee Danica za \u201cStori\u201d.<\/p>\n\n\n\n<p class=\"wp-block-paragraph\" style=\"font-size:10px\">SOURCE: <a href=\"https:\/\/www.hellomagazin.rs\/2020\/09\/07\/filip-i-danica-karadjordjevic-o-preseljenju-u-beograd\/\" target=\"_blank\" rel=\"noreferrer noopener\">HELLO<\/a> PHOTO: SCREENSHOT<\/p>\n\n\n\n<p class=\"wp-block-paragraph\"><\/p>","protected":false},"excerpt":{"rendered":"<p>Danica i Filip Kara\u0111or\u0111evi\u0107 pre sedam meseci su doneli odluku da \u017eivot u Londonu zamene Beogradom. Njihov trogodi\u0161nji sin Stefan odrasta u srpskoj prestonici. \u2013 Trudimo se da pravilno usmeravamo Stefanove potrebe i narav. Stefan je naslednik dinastije o kojoj \u0107e najvi\u0161e u\u010diti od svojih roditelja i iz istorijskih knjiga i zapisa. I u tom [&hellip;]<\/p>\n","protected":false},"author":3,"featured_media":0,"comment_status":"","ping_status":"","sticky":false,"template":"","format":"standard","meta":{"footnotes":""},"categories":[438],"tags":[4945,66899,66900,15070,19553,3936,3318,66901],"class_list":["post-42907","post","type-post","status-publish","format-standard","hentry","category-lifestyle","tag-beograd","tag-danica-karadjordjevic","tag-filip-karadjordjevic","tag-hram-svetog-save","tag-london","tag-manastir-zica","tag-selidba","tag-stefan-karadjordjevic"],"_links":{"self":[{"href":"https:\/\/chicagodesavanja.us\/en\/wp-json\/wp\/v2\/posts\/42907","targetHints":{"allow":["GET"]}}],"collection":[{"href":"https:\/\/chicagodesavanja.us\/en\/wp-json\/wp\/v2\/posts"}],"about":[{"href":"https:\/\/chicagodesavanja.us\/en\/wp-json\/wp\/v2\/types\/post"}],"author":[{"embeddable":true,"href":"https:\/\/chicagodesavanja.us\/en\/wp-json\/wp\/v2\/users\/3"}],"replies":[{"embeddable":true,"href":"https:\/\/chicagodesavanja.us\/en\/wp-json\/wp\/v2\/comments?post=42907"}],"version-history":[{"count":0,"href":"https:\/\/chicagodesavanja.us\/en\/wp-json\/wp\/v2\/posts\/42907\/revisions"}],"wp:attachment":[{"href":"https:\/\/chicagodesavanja.us\/en\/wp-json\/wp\/v2\/media?parent=42907"}],"wp:term":[{"taxonomy":"category","embeddable":true,"href":"https:\/\/chicagodesavanja.us\/en\/wp-json\/wp\/v2\/categories?post=42907"},{"taxonomy":"post_tag","embeddable":true,"href":"https:\/\/chicagodesavanja.us\/en\/wp-json\/wp\/v2\/tags?post=42907"}],"curies":[{"name":"WP","href":"https:\/\/api.w.org\/{rel}","templated":true}]}}