{"id":42840,"date":"2021-01-22T08:40:00","date_gmt":"2021-01-22T08:40:00","guid":{"rendered":"https:\/\/chicagodesavanja.us\/putnici-koji-dolaze-u-ameriku-iz-inostranstva-morace-u-karantin\/"},"modified":"2021-01-22T08:40:00","modified_gmt":"2021-01-22T08:40:00","slug":"putnici-koji-dolaze-u-ameriku-iz-inostranstva-morace-u-karantin","status":"publish","type":"post","link":"https:\/\/chicagodesavanja.us\/en\/vesti\/putnici-koji-dolaze-u-ameriku-iz-inostranstva-morace-u-karantin\/","title":{"rendered":"Putnici koji dolaze u Ameriku iz inostranstva mora\u0107e u karantin"},"content":{"rendered":"<p class=\"wp-block-paragraph\">Novi ameri\u010dki predsednik D\u017eo Bajden obratio se ameri\u010dkoj javnosti povodom predstavljanja plana borbe protiv pandemije koronavirusa. Jedna od novina je da putnici koji dolaze u Ameriku iz inostranstva moraju u karantin.<\/p>\n\n\n\n<p class=\"wp-block-paragraph\">\u201cPomeri\u0107emo nebo i zemlju da besplatno vakcini\u0161emo \u0161to je mogu\u0107e vi\u0161e Amerikanaca. Ova pandemija nije od ju\u010de, ali pobedi\u0107emo je. Pomo\u0107 sti\u017ee. Moj plan temelji se na nauci, a ne na politici\u201d, rekao je Bajden na po\u010detku.<\/p>\n\n\n\n<p class=\"wp-block-paragraph\">\u201cDo sada nismo mogli da se oslonimo na federalnu vladu, ona nije delovala hitno, s fokusom i koordinacijom koji su nam potrebni u borbi s pandemijom, a onda smo platili cenu\u201d, rekao je dodaju\u0107i kako Amerika poslednjih nedelja bele\u017ei izme\u0111u 3 i 4 hiljade smrtnih slu\u010dajeva dnevno.<\/p>\n\n\n\n<p class=\"wp-block-paragraph\">\u201cStanje \u0107e biti puno gore pre nego \u0161to postane bolje. Podatak je da 20 odsto smrtnih slu\u010dajeva u celom svetu odlazi na SAD, iako na\u0161a zemlja \u010dini samo 4 odsto svetske populacije\u201d, rekao je.<\/p>\n\n\n\n<p class=\"wp-block-paragraph\">Bajden je apelovao na Amerikance da nose maske narednih 99 dana.<\/p>\n\n\n\n<p class=\"wp-block-paragraph\">\u201cNo\u0161enje maski je na\u017ealost postalo strana\u010dko pitanje, ali to je patriotski \u010din\u201d, rekao je.<\/p>\n\n\n\n<p class=\"wp-block-paragraph\">Dodao je kako \u0107e no\u0161enje maski biti obavezno na svakom putovanju izme\u0111u ameri\u010dkih saveznih dr\u017eava, a svi putnici koji u SAD sti\u017eu iz drugih zemalja mora\u0107e u karantin po dolasku<strong>.<\/strong><\/p>\n\n\n\n<p class=\"wp-block-paragraph\"><a href=\"https:\/\/chicagodesavanja.us\/en\/vesti\/bajden-od-prvog-dana-u-agresivnoj-borbi-sa-pandemijom\/\" target=\"_blank\" rel=\"noreferrer noopener\">Upozorio je da \u0107e do slede\u0107eg meseca broj preminulih od covida-19 u SAD-u pre\u0107i pola miliona.<\/a><\/p>\n\n\n\n<p class=\"wp-block-paragraph\" style=\"font-size:10px\">SOURCE: <a href=\"https:\/\/nova.rs\/region\/bajdenovo-obracanje-svi-putnici-u-sad-morace-u-karantin\/\" target=\"_blank\" rel=\"noreferrer noopener\">NOVA<\/a> I FOTO: AIRPORT WORLD<\/p>","protected":false},"excerpt":{"rendered":"<p>Novi ameri\u010dki predsednik D\u017eo Bajden obratio se ameri\u010dkoj javnosti povodom predstavljanja plana borbe protiv pandemije koronavirusa. Jedna od novina je da putnici koji dolaze u Ameriku iz inostranstva moraju u karantin. \u201cPomeri\u0107emo nebo i zemlju da besplatno vakcini\u0161emo \u0161to je mogu\u0107e vi\u0161e Amerikanaca. Ova pandemija nije od ju\u010de, ali pobedi\u0107emo je. Pomo\u0107 sti\u017ee. Moj plan [&hellip;]<\/p>\n","protected":false},"author":3,"featured_media":0,"comment_status":"","ping_status":"","sticky":false,"template":"","format":"standard","meta":{"wpai_generated_summary":"","footnotes":""},"categories":[368,369],"tags":[498,55135,589,18809,592,460,559,42248,380,66718,66719,16932],"class_list":["post-42840","post","type-post","status-publish","format-standard","hentry","category-vesti-amerika","category-vesti","tag-amerikanci","tag-borba-protiv-koronavirusa","tag-dzo-bajden-2","tag-federalna-vlada","tag-joe-biden","tag-karantin","tag-maske","tag-novi-predsednik","tag-pandemija","tag-patriotski-cin","tag-predstavio-plan","tag-vakcinacija"],"_links":{"self":[{"href":"https:\/\/chicagodesavanja.us\/en\/wp-json\/wp\/v2\/posts\/42840","targetHints":{"allow":["GET"]}}],"collection":[{"href":"https:\/\/chicagodesavanja.us\/en\/wp-json\/wp\/v2\/posts"}],"about":[{"href":"https:\/\/chicagodesavanja.us\/en\/wp-json\/wp\/v2\/types\/post"}],"author":[{"embeddable":true,"href":"https:\/\/chicagodesavanja.us\/en\/wp-json\/wp\/v2\/users\/3"}],"replies":[{"embeddable":true,"href":"https:\/\/chicagodesavanja.us\/en\/wp-json\/wp\/v2\/comments?post=42840"}],"version-history":[{"count":0,"href":"https:\/\/chicagodesavanja.us\/en\/wp-json\/wp\/v2\/posts\/42840\/revisions"}],"wp:attachment":[{"href":"https:\/\/chicagodesavanja.us\/en\/wp-json\/wp\/v2\/media?parent=42840"}],"wp:term":[{"taxonomy":"category","embeddable":true,"href":"https:\/\/chicagodesavanja.us\/en\/wp-json\/wp\/v2\/categories?post=42840"},{"taxonomy":"post_tag","embeddable":true,"href":"https:\/\/chicagodesavanja.us\/en\/wp-json\/wp\/v2\/tags?post=42840"}],"curies":[{"name":"WP","href":"https:\/\/api.w.org\/{rel}","templated":true}]}}