{"id":42813,"date":"2021-01-25T02:49:00","date_gmt":"2021-01-25T02:49:00","guid":{"rendered":"https:\/\/chicagodesavanja.us\/ivana-korab-manekenka-otvorila-u-srbiji-restoran-zdrave-hrane\/"},"modified":"2021-01-25T02:49:00","modified_gmt":"2021-01-25T02:49:00","slug":"ivana-korab-manekenka-otvorila-u-srbiji-restoran-zdrave-hrane","status":"publish","type":"post","link":"https:\/\/chicagodesavanja.us\/en\/vesti\/ivana-korab-manekenka-otvorila-u-srbiji-restoran-zdrave-hrane\/","title":{"rendered":"Manekenka se iz Amerike vratila u Srbiju: Pokre\u0107e biznis a uskoro sti\u017ee i prinova!"},"content":{"rendered":"<p class=\"wp-block-paragraph\">Ivana Korab do kraja meseca posta\u0107e majka, o \u010demu je otvoreno pri\u010dala. Ona zbog manekenstva boravi u Americi ve\u0107 12 godina, gde je poha\u0111ala i \u0161kolu glume, nakon \u010dega je imala i filmske anga\u017emane, a Ivana je sada otkrila prave razloge svog povratka u Beograd.<\/p>\n\n\n\n<p class=\"wp-block-paragraph\">\u2013 Trudna sam, otvorila sam butik i otvaram restoran \u2013 otkrila je Ivana Korab. Ona je sre\u0107no udata ve\u0107 dve godine, a iza sebe ima jedan brak, pi\u0161e \u201cBlic\u201d.<\/p>\n\n\n\n<figure class=\"wp-block-embed is-type-rich is-provider-instagram wp-block-embed-instagram\"><div class=\"wp-block-embed__wrapper\">\nhttps:\/\/www.instagram.com\/p\/CIV6aFDJjXR\/?utm_source=ig_embed\n<\/div><\/figure>\n\n\n\n<p class=\"wp-block-paragraph\">\u2013 Ljudi su sva\u0161ta pri\u010dali kao i uvek, ali ja nisam ni\u0161ta demantovala. Kada sam objavila da sam trudna, videla sam razne komentare \u201dKo je tata?\u201d, \u201dTata je malo o\u017eenjen?\u201d\u2026 Jeste o\u017eenjen, al\u2019 za mene, ve\u0107 dve godine \u2013 odgovara hejterima manekenka.<\/p>\n\n\n\n<p class=\"wp-block-paragraph\">Uskoro \u0107e postati majka i u skladu sa tim otkrila je pol bebe i koje to ime planira da da svom detetu.<\/p>\n\n\n\n<p class=\"wp-block-paragraph\">\u2013 Znamo da je de\u010dak. Imamo dva imena oko kojih se dvoumimo. Meni se mu\u017e smeje kada ka\u017eem da prvo moram da vidim bebu da bih odlu\u010dila koje ime \u0107u dati \u2013 ka\u017ee Ivana.<\/p>\n\n\n\n<p class=\"wp-block-paragraph\">Zatim je progovorila o vantelesnoj oplodni i podr\u017eala sve majke koje se odlu\u010de na taj korak.<\/p>\n\n\n\n<p class=\"wp-block-paragraph\">\u2013 Planiram da pri\u010dam o tome, jer ljudi ne pri\u010daju dovoljno o tome. To je postao tabu, to je sramota. Ako se to radi, mu\u0161karac je manje mu\u0161karac ili \u017eena manje \u017eena, a ja smatram da je u dana\u0161nje vreme to postalo toliko zastupljeno, a da se devojke iz svojih li\u010dnih neznanja mnogo upla\u0161e, jer ne dele iskustva i sramota ih je da pri\u010daju o tome \u2013 zaklju\u010dila je Korabova u \u201cPremijeri\u201d.<\/p>\n\n\n\n<p class=\"wp-block-paragraph\">&#8211; Ivana je otvorila restoran sa zdravom hranom, jer je videla da je u tome budu\u0107nost, da su se mnogi posvetili zdravim \u017eivotnim navikama. Tako\u0111e, kao ljubitelj mode i neko ko ima iskustva u tom svetu, ali i osoba koja posve\u0107uje pa\u017enju treniranju i da je stalno fizi\u010dki aktivna, otvorila je i radnju sa sportskom opremom. Sada dok je u drugom stanju manje se bavi poslom, ali ima tim ljudi koji vodi ra\u010duna da to ne trpi &#8211; dodaje izvor Blica.<\/p>\n\n\n\n<p class=\"wp-block-paragraph\" style=\"font-size:10px\">SOURCE:<a href=\"https:\/\/www.blic.rs\/zabava\/ivana-korab-preseljenje-trudna-decak\/sr2mrj1\" target=\"_blank\" rel=\"noreferrer noopener\"> BLIC<\/a> I FOTO: INSTAGRAM<\/p>\n\n\n\n<p class=\"wp-block-paragraph\"><\/p>","protected":false},"excerpt":{"rendered":"<p>Ivana Korab do kraja meseca posta\u0107e majka, o \u010demu je otvoreno pri\u010dala. Ona zbog manekenstva boravi u Americi ve\u0107 12 godina, gde je poha\u0111ala i \u0161kolu glume, nakon \u010dega je imala i filmske anga\u017emane, a Ivana je sada otkrila prave razloge svog povratka u Beograd. \u2013 Trudna sam, otvorila sam butik i otvaram restoran \u2013 [&hellip;]<\/p>\n","protected":false},"author":3,"featured_media":0,"comment_status":"","ping_status":"","sticky":false,"template":"","format":"standard","meta":{"wpai_generated_summary":"","footnotes":""},"categories":[438],"tags":[66667,50478,30604,66668,66669,3230,66670,3579],"class_list":["post-42813","post","type-post","status-publish","format-standard","hentry","category-lifestyle","tag-ivana-korab","tag-manekenka","tag-povratak-u-srbiju","tag-radnja-sportske-opreme","tag-restoran-zdrave-hrane","tag-trudnoca","tag-vantelesna-oplodnja","tag-zivot-u-americi-2"],"_links":{"self":[{"href":"https:\/\/chicagodesavanja.us\/en\/wp-json\/wp\/v2\/posts\/42813","targetHints":{"allow":["GET"]}}],"collection":[{"href":"https:\/\/chicagodesavanja.us\/en\/wp-json\/wp\/v2\/posts"}],"about":[{"href":"https:\/\/chicagodesavanja.us\/en\/wp-json\/wp\/v2\/types\/post"}],"author":[{"embeddable":true,"href":"https:\/\/chicagodesavanja.us\/en\/wp-json\/wp\/v2\/users\/3"}],"replies":[{"embeddable":true,"href":"https:\/\/chicagodesavanja.us\/en\/wp-json\/wp\/v2\/comments?post=42813"}],"version-history":[{"count":0,"href":"https:\/\/chicagodesavanja.us\/en\/wp-json\/wp\/v2\/posts\/42813\/revisions"}],"wp:attachment":[{"href":"https:\/\/chicagodesavanja.us\/en\/wp-json\/wp\/v2\/media?parent=42813"}],"wp:term":[{"taxonomy":"category","embeddable":true,"href":"https:\/\/chicagodesavanja.us\/en\/wp-json\/wp\/v2\/categories?post=42813"},{"taxonomy":"post_tag","embeddable":true,"href":"https:\/\/chicagodesavanja.us\/en\/wp-json\/wp\/v2\/tags?post=42813"}],"curies":[{"name":"WP","href":"https:\/\/api.w.org\/{rel}","templated":true}]}}