{"id":42596,"date":"2021-02-18T05:45:00","date_gmt":"2021-02-18T05:45:00","guid":{"rendered":"https:\/\/chicagodesavanja.us\/dzo-bajden-obecao-da-ce-raditi-na-ponovnom-otvaranju-osnovnih-skola\/"},"modified":"2021-02-18T05:45:00","modified_gmt":"2021-02-18T05:45:00","slug":"dzo-bajden-obecao-da-ce-raditi-na-ponovnom-otvaranju-osnovnih-skola","status":"publish","type":"post","link":"https:\/\/chicagodesavanja.us\/en\/vesti\/dzo-bajden-obecao-da-ce-raditi-na-ponovnom-otvaranju-osnovnih-skola\/","title":{"rendered":"Bajdenov cilj ponovno otvaranje osnovnih \u0161kola"},"content":{"rendered":"<p class=\"wp-block-paragraph\">Predsednik\u00a0D\u017eo Bajden\u00a0obe\u0107ao je da \u0107e ve\u0107ina osnovnih \u0161kola biti otvorena pet dana nedeljno do kraja njegovih prvih 100 dana na funkciji, \u010dime je pojasnio svoj cilj, po\u0161to se njegova administracija na\u0161la na udaru kritika kada su njegovi saradnici rekli da \u0107e se \u0161kole smatrati otvorenim ako budu dr\u017eale \u010dasove uz prisutnost \u0111aka i samo jedan dan nedeljno.<\/p>\n\n\n\n<p class=\"wp-block-paragraph\">Bajdenovi komentari, tokom razgovora sa gra\u0111anima u Milvokiju u organizaciji CNN-a, predstavljaju njegovu najjasniju izjavu o ponovnom otvaranju \u0161kola.<\/p>\n\n\n\n<p class=\"wp-block-paragraph\">D\u017eo Bajden\u00a0obe\u0107ao je u decembru da \u0107e ponovo otvoriti\u00a0&#8222;ve\u0107inu na\u0161ih \u0161kola&#8220;<em>\u00a0<\/em>u prvih 100 dana, ali se od tada suo\u010dio sa narastaju\u0107im brojem pitanja o tome kako \u0107e definisati i posti\u0107i taj cilj, uz \u0161kolske okruge koji funkcioni\u0161u u kombinaciji razli\u010dite virutelne i nastave &#8222;u\u017eivo&#8220; \u0161irom zemlje.<\/p>\n\n\n\n<p class=\"wp-block-paragraph\">Rekao sam da otvorite ve\u0107inu vrti\u0107a i \u0161kola do osmog razreda, jer ih je najlak\u0161e otvoriti, a najpotrebnije je da oni budu otvoreni zbog toga kako to uti\u010de na decu i porodice koje moraju ostati kod ku\u0107e&#8220;, rekao je Bajden.<\/p>\n\n\n\n<p class=\"wp-block-paragraph\">Predsednik je dodao da su komentari sekretarke za medije Bele ku\u0107e\u00a0D\u017een Psaki\u00a0ranije ovog meseca da \u0107e rad \u0161kola na jedan dan u nedelji ispuniti njegov cilj\u00a0&#8222;gre\u0161ka u komunikaciji&#8220;.<\/p>\n\n\n\n<p class=\"wp-block-paragraph\">Upitan kada \u0107e nacija videti da se vrti\u0107 i \u0111aci do osmog razreda vra\u0107aju u\u010denju u\u017eivo pet dana u nedelji, Bajden je rekao:<\/p>\n\n\n\n<p class=\"wp-block-paragraph\">&#8222;Bi\u0107emo blizu toga na kraju prvih 100 dana&#8220;.<\/p>\n\n\n\n<p class=\"wp-block-paragraph\">Rekao je da o\u010dekuje da \u0107e se mnoge \u0161kole zalagati da ostanu otvorene tokom leta, ali je nagovestio da \u0107e ponovno otvaranje trajati du\u017ee za srednje \u0161kole zbog ve\u0107eg rizika od zaraze kod starijih u\u010denika.<\/p>\n\n\n\n<p class=\"wp-block-paragraph\">Bajden je rekao da \u0107e do kraja jula biti na raspolaganju 600 miliona doza vakcine, dovoljno za vakcinaciju svakog Amerikanca.<\/p>\n\n\n\n<p class=\"wp-block-paragraph\">Bajden je u utorak uve\u010de naglasio koliko \u017eeli da se odmakne od<strong>\u00a0<\/strong>Donalda Trampa, u vi\u0161e navrata odbijaju\u0107i da govori o biv\u0161em predsedniku i u jednom trenutku rekav\u0161i:<\/p>\n\n\n\n<p class=\"wp-block-paragraph\"><em>&#8222;<\/em>Dosadilo mi je da pri\u010dam o Donaldu Trampu&#8220;.<\/p>\n\n\n\n<p class=\"wp-block-paragraph\">Zatim je dodao:<\/p>\n\n\n\n<p class=\"wp-block-paragraph\">&#8222;\u010cetiri godine sve \u0161to je bilo u vestima je Tramp. Slede\u0107e \u010detiri godine \u017eelim da budem siguran da su sve vesti ameri\u010dki narod&#8220; i dobio\u00a0aplauz publike.<\/p>\n\n\n\n<p class=\"wp-block-paragraph\" style=\"font-size:10px\">SOURCE: <a href=\"https:\/\/www.glasamerike.net\/a\/dzo-bajden-obracanje-cnn-milvoki-skole-koronavirus-pomoc-privredi\/5781595.html\" target=\"_blank\" rel=\"noreferrer noopener\">VOA <\/a>I FOTO: MEDIUM<\/p>","protected":false},"excerpt":{"rendered":"<p>Predsednik\u00a0D\u017eo Bajden\u00a0obe\u0107ao je da \u0107e ve\u0107ina osnovnih \u0161kola biti otvorena pet dana nedeljno do kraja njegovih prvih 100 dana na funkciji, \u010dime je pojasnio svoj cilj, po\u0161to se njegova administracija na\u0161la na udaru kritika kada su njegovi saradnici rekli da \u0107e se \u0161kole smatrati otvorenim ako budu dr\u017eale \u010dasove uz prisutnost \u0111aka i samo jedan [&hellip;]<\/p>\n","protected":false},"author":3,"featured_media":0,"comment_status":"","ping_status":"","sticky":false,"template":"","format":"standard","meta":{"wpai_generated_summary":"","footnotes":""},"categories":[368,369],"tags":[404,592,55829,19280,19539,43620,14156,479,23820,16932,16359],"class_list":["post-42596","post","type-post","status-publish","format-standard","hentry","category-vesti-amerika","category-vesti","tag-donald-trump","tag-joe-biden","tag-nastava-uzivo","tag-osnovne-skole","tag-otvaranje","tag-ponovno-otvaranje","tag-porodice","tag-predsednik-amerike","tag-srednje-skole","tag-vakcinacija","tag-vakcine"],"_links":{"self":[{"href":"https:\/\/chicagodesavanja.us\/en\/wp-json\/wp\/v2\/posts\/42596","targetHints":{"allow":["GET"]}}],"collection":[{"href":"https:\/\/chicagodesavanja.us\/en\/wp-json\/wp\/v2\/posts"}],"about":[{"href":"https:\/\/chicagodesavanja.us\/en\/wp-json\/wp\/v2\/types\/post"}],"author":[{"embeddable":true,"href":"https:\/\/chicagodesavanja.us\/en\/wp-json\/wp\/v2\/users\/3"}],"replies":[{"embeddable":true,"href":"https:\/\/chicagodesavanja.us\/en\/wp-json\/wp\/v2\/comments?post=42596"}],"version-history":[{"count":0,"href":"https:\/\/chicagodesavanja.us\/en\/wp-json\/wp\/v2\/posts\/42596\/revisions"}],"wp:attachment":[{"href":"https:\/\/chicagodesavanja.us\/en\/wp-json\/wp\/v2\/media?parent=42596"}],"wp:term":[{"taxonomy":"category","embeddable":true,"href":"https:\/\/chicagodesavanja.us\/en\/wp-json\/wp\/v2\/categories?post=42596"},{"taxonomy":"post_tag","embeddable":true,"href":"https:\/\/chicagodesavanja.us\/en\/wp-json\/wp\/v2\/tags?post=42596"}],"curies":[{"name":"WP","href":"https:\/\/api.w.org\/{rel}","templated":true}]}}