{"id":42586,"date":"2021-02-20T03:31:00","date_gmt":"2021-02-20T03:31:00","guid":{"rendered":"https:\/\/chicagodesavanja.us\/oblak-peska-ovog-vikenda-u-evropi\/"},"modified":"2021-02-20T03:31:00","modified_gmt":"2021-02-20T03:31:00","slug":"oblak-peska-ovog-vikenda-u-evropi","status":"publish","type":"post","link":"https:\/\/chicagodesavanja.us\/en\/vesti\/oblak-peska-ovog-vikenda-u-evropi\/","title":{"rendered":"U Evropu tokom vikenda sti\u017ee oblak peska iz Sahare"},"content":{"rendered":"<p class=\"wp-block-paragraph\">U Evropu \u0107e tokom vikenda ponovo sti\u0107i oblak peska iz Sahare, ali se jo\u0161 ne zna da li \u0107e biti vidljiv golim okom kao \u0161to je to bio slu\u010daj sa oblakom pra\u0161ine koji se kretao Evropom po\u010detkom februara, saop\u0161tila je evropska slu\u017eba za atmosferska osmatranja Kopernikus.<\/p>\n\n\n\n<p class=\"wp-block-paragraph\">U prvom vikendu februara nebo je bilo obojeno \u017eu\u0107kastom oker bojom, posebno na jugu i istoku Francuske, gde je pro\u0161ao oblak peska izazvan pe\u0161\u010danom olujom u Al\u017eiru koji su vetrovi poneli ka severu. Zbog ovog oblaka znatno je pogor\u0161an kvalitet vazduha u oblastima preko kojih se kretao.<\/p>\n\n\n\n<p class=\"wp-block-paragraph\">Novi veliki i gusti oblak saharske pra\u0161ine kre\u0107e se ka severu i treba da stigne do nekih delova Evrope tokom vikenda i po\u010detkom idu\u0107e nedelje, saop\u0161tio je Kopernikus.<\/p>\n\n\n\n<p class=\"wp-block-paragraph\">Glavni deo oblaka trebalo bi da se koncentri\u0161e na istoku \u0160panije i severu Francuske, ali bi oblak mogao da stigne i do Norve\u0161ke.<\/p>\n\n\n\n<p class=\"wp-block-paragraph\">Oblaci pustinjske pra\u0161ine mogu da oboje nebo u crveno, ograni\u010de vidljivost i prekriju vozila i prozore naslagama pra\u0161ine, ali je sada te\u0161ko kvantitativno predvideti puni uticaj \u010detiri ili pet dana unapred, dodaje se u saop\u0161tenju.<\/p>\n\n\n\n<p class=\"wp-block-paragraph\">Kopernikus ipak predvi\u0111a pogor\u0161anje kvaliteta vazduha u \u0160paniji, Francuskoj i mo\u017eda u Velikoj Britaniji i zemljama Beneluksa, upozoravaju\u0107i na negativan uticaj pra\u0161ine na respiratorne puteve.<\/p>\n\n\n\n<p class=\"wp-block-paragraph\">Kada se to dogodilo u Evropi izmedju 4. i 8. februara izazvane su naslage od vi\u0161e mikrograma \u010destica po metru kvadratnom na velikom delu juga Evrope, \u0161to je koli\u010dina vi\u0161e stotina puta ve\u0107a od prose\u010dne, saop\u0161tio je tada Kopernikus.<\/p>\n\n\n\n<p class=\"wp-block-paragraph\" style=\"font-size:10px\">SOURCE: <a href=\"https:\/\/rs.n1info.com\/svet\/u-evropu-tokom-vikenda-stize-oblak-peska-iz-sahare\/\" target=\"_blank\" rel=\"noreferrer noopener\">N1<\/a> I FOTO: REUTERS<\/p>","protected":false},"excerpt":{"rendered":"<p>U Evropu \u0107e tokom vikenda ponovo sti\u0107i oblak peska iz Sahare, ali se jo\u0161 ne zna da li \u0107e biti vidljiv golim okom kao \u0161to je to bio slu\u010daj sa oblakom pra\u0161ine koji se kretao Evropom po\u010detkom februara, saop\u0161tila je evropska slu\u017eba za atmosferska osmatranja Kopernikus. U prvom vikendu februara nebo je bilo obojeno \u017eu\u0107kastom [&hellip;]<\/p>\n","protected":false},"author":3,"featured_media":0,"comment_status":"","ping_status":"","sticky":false,"template":"","format":"standard","meta":{"footnotes":""},"categories":[431,369],"tags":[530,65907,11336,65908,48765,48793,65909,65910,38945],"class_list":["post-42586","post","type-post","status-publish","format-standard","hentry","category-svet","category-vesti","tag-francuska","tag-kopernikus","tag-norveska","tag-oblak-peska","tag-oblak-prasine","tag-pescana-oluja","tag-pustinjska-prasina","tag-respiratorni-putevi","tag-sahara"],"_links":{"self":[{"href":"https:\/\/chicagodesavanja.us\/en\/wp-json\/wp\/v2\/posts\/42586","targetHints":{"allow":["GET"]}}],"collection":[{"href":"https:\/\/chicagodesavanja.us\/en\/wp-json\/wp\/v2\/posts"}],"about":[{"href":"https:\/\/chicagodesavanja.us\/en\/wp-json\/wp\/v2\/types\/post"}],"author":[{"embeddable":true,"href":"https:\/\/chicagodesavanja.us\/en\/wp-json\/wp\/v2\/users\/3"}],"replies":[{"embeddable":true,"href":"https:\/\/chicagodesavanja.us\/en\/wp-json\/wp\/v2\/comments?post=42586"}],"version-history":[{"count":0,"href":"https:\/\/chicagodesavanja.us\/en\/wp-json\/wp\/v2\/posts\/42586\/revisions"}],"wp:attachment":[{"href":"https:\/\/chicagodesavanja.us\/en\/wp-json\/wp\/v2\/media?parent=42586"}],"wp:term":[{"taxonomy":"category","embeddable":true,"href":"https:\/\/chicagodesavanja.us\/en\/wp-json\/wp\/v2\/categories?post=42586"},{"taxonomy":"post_tag","embeddable":true,"href":"https:\/\/chicagodesavanja.us\/en\/wp-json\/wp\/v2\/tags?post=42586"}],"curies":[{"name":"WP","href":"https:\/\/api.w.org\/{rel}","templated":true}]}}