{"id":42366,"date":"2021-03-18T05:50:00","date_gmt":"2021-03-18T05:50:00","guid":{"rendered":"https:\/\/chicagodesavanja.us\/imigrantima-poruka-od-bajdena-nemojte-dolaziti\/"},"modified":"2021-03-18T05:50:00","modified_gmt":"2021-03-18T05:50:00","slug":"imigrantima-poruka-od-bajdena-nemojte-dolaziti","status":"publish","type":"post","link":"https:\/\/chicagodesavanja.us\/en\/vesti\/imigrantima-poruka-od-bajdena-nemojte-dolaziti\/","title":{"rendered":"Bajden imigrantima: Nemojte da dolazite u SAD"},"content":{"rendered":"<p class=\"wp-block-paragraph\">Predsednik Sjedinjenih Ameri\u010dkih Dr\u017eava poru\u010dio je imigrantima iz Centralne Amerike da je najbolje da ostanu u svojim domovima i da ne dolaze.<\/p>\n\n\n\n<p class=\"wp-block-paragraph\">\u201eMogu jasno re\u0107i: nemojte da dolazite\u201d, izjavio je Bajden u intervjuu za ABC News. \u201eNe napu\u0161tajte svoj grad ili zajednicu\u201d, dodao je.<\/p>\n\n\n\n<p class=\"wp-block-paragraph\">Tinejd\u017eeri, adolescenti i deca bez pratilaca u velikom broju poku\u0161avaju da imigriraju. Oni su privedeni u velikom broju samo u februaru.<\/p>\n\n\n\n<p class=\"wp-block-paragraph\">Iz Meksika u SAD poku\u0161alo je da u\u0111e oko 30.000 imigranata.<\/p>\n\n\n\n<p class=\"wp-block-paragraph\">Predsednik je, me\u0111utim, dodao da su\u0161tinski razlozi za imigraciju iz zemalja Centralne Amerike \u2013 Gvatemale, Hondurasa i El Salvadora, uz Meksiko, moraju da se razmotre i re\u0161avaju. Dodao je, tako\u0111e, da mu se \u010dini da je za sada taj problem nemogu\u0107e re\u0161iti.<\/p>\n\n\n\n<p class=\"wp-block-paragraph\">Bajden je rekao da ima trenutni plan za decu kojoj je potrebna sigurnost na granici. Taj plan podrazumeva da se ubrza proces sme\u0161tanja dece kod sponzora u SAD. Ovaj proces treba da traje barem dok se njihovi pravni sporovi odvijaju.<\/p>\n\n\n\n<p class=\"wp-block-paragraph\">\u201eIma\u0107emo, verujem do slede\u0107eg meseca, dovoljno tih kreveta da brinemo o ovoj deci koja nemaju gde da odu&#8220;, rekao je Bajden.<\/p>\n\n\n\n<p class=\"wp-block-paragraph\">U intervjuu je Biden tako\u0111e kritikovao postoje\u0107i proces za imigrante. \u201eMorate da poku\u0161ate da kontroli\u0161ete nered koji je nasledjen\u201c, rekao je Bajden.<\/p>\n\n\n\n<p class=\"wp-block-paragraph\">Dugoro\u010dno gledano, Biden je rekao da njegov plan uklju\u010duje stvaranje programa koji \u0107e se baviti faktorima koji dovode do migracije. To su, naj\u010de\u0161\u0107e, nasilje, siroma\u0161tvo, korupcija ili klimatska kriza.<\/p>\n\n\n\n<p class=\"wp-block-paragraph\">Kao glavni cilj predsednik je istao da se omogu\u0107i deci imigrantima da podnesu zahtev za azil iz tih zemalja, umesto na granici.<\/p>\n\n\n\n<p class=\"wp-block-paragraph\">You can find more information <a href=\"https:\/\/www.theguardian.com\/us-news\/2021\/mar\/17\/joe-biden-immigration-putin-afghanistan-cuomo-dog\" target=\"_blank\" rel=\"noreferrer noopener\">here<\/a>.<\/p>\n\n\n\n<p class=\"wp-block-paragraph\" style=\"font-size:10px\">IZVOR: THE GUARDIAN FOTO: UNSPLASH<\/p>","protected":false},"excerpt":{"rendered":"<p>Predsednik Sjedinjenih Ameri\u010dkih Dr\u017eava poru\u010dio je imigrantima iz Centralne Amerike da je najbolje da ostanu u svojim domovima i da ne dolaze. \u201eMogu jasno re\u0107i: nemojte da dolazite\u201d, izjavio je Bajden u intervjuu za ABC News. \u201eNe napu\u0161tajte svoj grad ili zajednicu\u201d, dodao je. Tinejd\u017eeri, adolescenti i deca bez pratilaca u velikom broju poku\u0161avaju da [&hellip;]<\/p>\n","protected":false},"author":3,"featured_media":0,"comment_status":"","ping_status":"","sticky":false,"template":"","format":"standard","meta":{"wpai_generated_summary":"","footnotes":""},"categories":[368,369],"tags":[60763,538,455,17239,38370,57730,589,16697,1341,57527,3882,581,65233,35332,3984,58010,65234,592,3255,5393,65235,41548,568,65151,65236,2303,20808,48465,1684,800,16572],"class_list":["post-42366","post","type-post","status-publish","format-standard","hentry","category-vesti-amerika","category-vesti","tag-america","tag-amerika","tag-bajden","tag-biden","tag-centralna-amerika","tag-deca-imigranti","tag-dzo-bajden-2","tag-granica-sad","tag-imigracija","tag-imigracije","tag-imigraciona-politika","tag-imigraciona-sluzba","tag-imigracioni-sistem","tag-imigracioni-status","tag-imigranti","tag-imigranti-u-procesu","tag-immigrants","tag-joe-biden","tag-migracija","tag-migranti","tag-migrants","tag-program","tag-sad","tag-savezni-program","tag-sigurnost-na-granici","tag-sjedinjene-americke-drzave","tag-sjedinjene-drzave","tag-sudski-sporovi","tag-usa","tag-zakon","tag-zakon-o-imigraciji"],"_links":{"self":[{"href":"https:\/\/chicagodesavanja.us\/en\/wp-json\/wp\/v2\/posts\/42366","targetHints":{"allow":["GET"]}}],"collection":[{"href":"https:\/\/chicagodesavanja.us\/en\/wp-json\/wp\/v2\/posts"}],"about":[{"href":"https:\/\/chicagodesavanja.us\/en\/wp-json\/wp\/v2\/types\/post"}],"author":[{"embeddable":true,"href":"https:\/\/chicagodesavanja.us\/en\/wp-json\/wp\/v2\/users\/3"}],"replies":[{"embeddable":true,"href":"https:\/\/chicagodesavanja.us\/en\/wp-json\/wp\/v2\/comments?post=42366"}],"version-history":[{"count":0,"href":"https:\/\/chicagodesavanja.us\/en\/wp-json\/wp\/v2\/posts\/42366\/revisions"}],"wp:attachment":[{"href":"https:\/\/chicagodesavanja.us\/en\/wp-json\/wp\/v2\/media?parent=42366"}],"wp:term":[{"taxonomy":"category","embeddable":true,"href":"https:\/\/chicagodesavanja.us\/en\/wp-json\/wp\/v2\/categories?post=42366"},{"taxonomy":"post_tag","embeddable":true,"href":"https:\/\/chicagodesavanja.us\/en\/wp-json\/wp\/v2\/tags?post=42366"}],"curies":[{"name":"WP","href":"https:\/\/api.w.org\/{rel}","templated":true}]}}