{"id":42353,"date":"2021-03-20T03:52:00","date_gmt":"2021-03-20T03:52:00","guid":{"rendered":"https:\/\/chicagodesavanja.us\/gradonacelnica-lajtfut-pozvala-sve-gradane-na-podrsku\/"},"modified":"2021-03-20T03:52:00","modified_gmt":"2021-03-20T03:52:00","slug":"gradonacelnica-lajtfut-pozvala-sve-gradane-na-podrsku","status":"publish","type":"post","link":"https:\/\/chicagodesavanja.us\/en\/vesti\/gradonacelnica-lajtfut-pozvala-sve-gradane-na-podrsku\/","title":{"rendered":"Gradona\u010delnica Lajtfut gra\u0111anima \u010cikaga: \u201eUstanimo zajedno\u201d"},"content":{"rendered":"<p class=\"wp-block-paragraph\">Gradona\u010delnica \u010cikaga Lori Lajtfut obratila se u televizijskom govoru kojim je obele\u017eeno vi\u0161e od godinu dana otkako je pandemija koronavirusa poremetia \u017eivote \u0161irom sveta.<\/p>\n\n\n\n<p class=\"wp-block-paragraph\">Lajtfut je pohvalila gra\u0111ane \u010cikaga zbog njihove izdr\u017eljivosti. Obe\u0107ala je da \u0107e se boriti protiv ra\u0161irene nejednakosti u gradu koji vodi.<\/p>\n\n\n\n<p class=\"wp-block-paragraph\">Tako\u0111e, gradona\u010delnica je poku\u0161ala da pove\u017ee neda\u0107e protekle godine sa prethodnim katastrofama, prepri\u010davaju\u0107i da je grad od pepela \u010dika\u0161ke vatre izgradio \u201eveliku modernu meku\u201c. Velika depresija dovela je do stvaranja mre\u017ee socijalne sigurnosti.<\/p>\n\n\n\n<p class=\"wp-block-paragraph\">\u201eOva velika pandemija iznudila je obra\u010dun sa nejednakostima i nedostacima na\u0161eg vremena\u201c, dodala je. \u201eNismo ni trepnuli ni ustuknuli pred izazovima koje je trenutak zahtevao.\u201c<\/p>\n\n\n\n<p class=\"wp-block-paragraph\">\u201eKao i generacije ranije, moramo nastaviti da vodimo druge sa sobom na ovo putovanje ka slede\u0107em poglavlju na\u0161e zajedni\u010dke sudbine. Jednostavno ne mo\u017eemo sebi priu\u0161titi da nekoga ostavimo za sobom\u201c, rekla je Lajtfut u govoru.<\/p>\n\n\n\n<p class=\"wp-block-paragraph\">Gradona\u010delnica je odr\u017eala govor godinu dana nakon \u0161to je odr\u017eala sli\u010dan takav govor na po\u010detku pandemija.<\/p>\n\n\n\n<p class=\"wp-block-paragraph\">Ponekad su njene primedbe \u2013 dostavljane iz gradske ku\u0107e \u2013 li\u010dile na po\u010detnu kampanju, dok je postavljala prioritete politike od pomo\u0107i stanovnicima u stanovanju do vra\u0107anja stanovnika na posao.<\/p>\n\n\n\n<p class=\"wp-block-paragraph\">Me\u0111utim, gradona\u010delnica se suo\u010dila sa kritikama nekih koji ka\u017eu da nije u\u010dinila dovoljno za borbu protiv pandemijskih izazova.<\/p>\n\n\n\n<p class=\"wp-block-paragraph\">Pristup vakcinacijama ostaje problem mnogih gra\u0111ana \u010cikaga. Tu su i ranije pominjani problemi u gradu, uklju\u010duju\u0107i u\u010destalo uli\u010dno nasilje koje je u porastu.<\/p>\n\n\n\n<p class=\"wp-block-paragraph\">You can find more information <a href=\"https:\/\/www.chicagotribune.com\/coronavirus\/ct-mayor-lightfoot-coronavirus-one-year-20210319-tvtxvf3bvrfcbdgmzzjxmkuerq-story.html\" target=\"_blank\" rel=\"noreferrer noopener\">here<\/a>.<\/p>\n\n\n\n<p class=\"wp-block-paragraph\" style=\"font-size:10px\">SOURCE: CHICAGO TRIBUNE PHOTO: UNSPLASH<\/p>","protected":false},"excerpt":{"rendered":"<p>Gradona\u010delnica \u010cikaga Lori Lajtfut obratila se u televizijskom govoru kojim je obele\u017eeno vi\u0161e od godinu dana otkako je pandemija koronavirusa poremetia \u017eivote \u0161irom sveta. Lajtfut je pohvalila gra\u0111ane \u010cikaga zbog njihove izdr\u017eljivosti. Obe\u0107ala je da \u0107e se boriti protiv ra\u0161irene nejednakosti u gradu koji vodi. Tako\u0111e, gradona\u010delnica je poku\u0161ala da pove\u017ee neda\u0107e protekle godine sa [&hellip;]<\/p>\n","protected":false},"author":3,"featured_media":0,"comment_status":"","ping_status":"","sticky":false,"template":"","format":"standard","meta":{"wpai_generated_summary":"","footnotes":""},"categories":[368,369],"tags":[457,370,780,65199,45023,42725,48675,590,44522,11883,376,64246,593,594,65200,380,41683,5816,6830,65201,59293,65202,65203],"class_list":["post-42353","post","type-post","status-publish","format-standard","hentry","category-vesti-amerika","category-vesti","tag-chicago","tag-cikago","tag-ekonomska-kriza","tag-godina-pandemije","tag-godinu-dana","tag-gradonacelnica","tag-gradonacelnica-cikaga","tag-gradonacelnica-lajtfut","tag-gradani-cikaga","tag-gubitak-posla","tag-koronavirus","tag-lajtfut","tag-lori-lajtfut","tag-lori-lightfoot","tag-nedace","tag-pandemija","tag-pandemija-koronavirusa","tag-podrska","tag-problemi","tag-problemi-zajednice","tag-sirenje-zaraze-2","tag-sudbina-grada","tag-zajednistvo"],"_links":{"self":[{"href":"https:\/\/chicagodesavanja.us\/en\/wp-json\/wp\/v2\/posts\/42353","targetHints":{"allow":["GET"]}}],"collection":[{"href":"https:\/\/chicagodesavanja.us\/en\/wp-json\/wp\/v2\/posts"}],"about":[{"href":"https:\/\/chicagodesavanja.us\/en\/wp-json\/wp\/v2\/types\/post"}],"author":[{"embeddable":true,"href":"https:\/\/chicagodesavanja.us\/en\/wp-json\/wp\/v2\/users\/3"}],"replies":[{"embeddable":true,"href":"https:\/\/chicagodesavanja.us\/en\/wp-json\/wp\/v2\/comments?post=42353"}],"version-history":[{"count":0,"href":"https:\/\/chicagodesavanja.us\/en\/wp-json\/wp\/v2\/posts\/42353\/revisions"}],"wp:attachment":[{"href":"https:\/\/chicagodesavanja.us\/en\/wp-json\/wp\/v2\/media?parent=42353"}],"wp:term":[{"taxonomy":"category","embeddable":true,"href":"https:\/\/chicagodesavanja.us\/en\/wp-json\/wp\/v2\/categories?post=42353"},{"taxonomy":"post_tag","embeddable":true,"href":"https:\/\/chicagodesavanja.us\/en\/wp-json\/wp\/v2\/tags?post=42353"}],"curies":[{"name":"WP","href":"https:\/\/api.w.org\/{rel}","templated":true}]}}