{"id":42324,"date":"2021-03-23T05:36:00","date_gmt":"2021-03-23T05:36:00","guid":{"rendered":"https:\/\/chicagodesavanja.us\/direktor-cdc-upozorava-na-novi-talas-koronavirusa\/"},"modified":"2021-03-23T05:36:00","modified_gmt":"2021-03-23T05:36:00","slug":"direktor-cdc-upozorava-na-novi-talas-koronavirusa","status":"publish","type":"post","link":"https:\/\/chicagodesavanja.us\/en\/vesti\/direktor-cdc-upozorava-na-novi-talas-koronavirusa\/","title":{"rendered":"Varijante koronavirusa mogu izazvati novi talas"},"content":{"rendered":"<p class=\"wp-block-paragraph\">Doktor Rochelle Walensky, direktor CDC-a, izjavila je 22. marta da je zabrinuta da bi SAD mogle da vide \u2018jo\u0161 jedan talas\u2019 koronavirusa.<\/p>\n\n\n\n<p class=\"wp-block-paragraph\">Izjavila je da se talas mo\u017ee spre\u010diti po\u0161tovanjem mera. Pre svega, misli se na no\u0161enje maski, socijalnu distancu i izbegavanje putovanja.<\/p>\n\n\n\n<p class=\"wp-block-paragraph\">\u201eKao \u0161to sam ranije rekla, kontinuirano opu\u0161tanje preventivnih mera dok su slu\u010dajevi jo\u0161 uvek visoki i dok se zabrinjavaju\u0107e vaijante brzo \u0161ire po SAD ozbiljna je pretnja napretku koji smo postigli\u201c, rekla je Walensky.<\/p>\n\n\n\n<p class=\"wp-block-paragraph\">\u201eDr\u017eave sve \u010de\u0161\u0107e prime\u0107uju sve ve\u0107i procenat svojih slu\u010dajeva koji se pripisuju varijantama\u201c, dodala je.<\/p>\n\n\n\n<p class=\"wp-block-paragraph\">Rekla je da se procenjuje da varijante B.1427 i B.1429 \u010dine 52% slu\u010dajeva u Kaliforniji, 41% u Nevadi i 25% u Arizoni.<\/p>\n\n\n\n<p class=\"wp-block-paragraph\">Procenjuje se da je varijanta iz Britanije odgovorna za 9% slu\u010dajeva u Nju D\u017eerziju. Tako\u0111e, njoj se pripisuje i 8% slu\u010dajeva na Floridi.<\/p>\n\n\n\n<p class=\"wp-block-paragraph\">\u201eMoramo da delujemo sada i brinem se da \u0107emo, ako ne preduzmemo mere, imati jo\u0161 jedan talas&#8220;, upozorava direktor CDC-a.<\/p>\n\n\n\n<p class=\"wp-block-paragraph\">Administracija Bajdena ohrabruje guvernere, kao i privatni sektor, da zadr\u017ee ili ponovo uvedu ograni\u010denja.<\/p>\n\n\n\n<p class=\"wp-block-paragraph\">\u201eGledamo ove podatke, obra\u0107amo se pojedinim dr\u017eavama, poku\u0161avaju\u0107i da ih ohrabrimo. Imamo nedeljne pozive guvernera\u201d, navodi Walensky. \u201eObavljamo kontakt sa dr\u017eavama, teritorijama kako bismo ih podstakli da revidiraju podatke.\u201d<\/p>\n\n\n\n<p class=\"wp-block-paragraph\">Vi\u0161e informacija potra\u017eite <a href=\"https:\/\/abc7chicago.com\/health\/cdc-warns-covid-variants-could-spark-another-avoidable-surge\/10441253\/\" target=\"_blank\" rel=\"noreferrer noopener\">here<\/a>.<\/p>\n\n\n\n<p class=\"wp-block-paragraph\" style=\"font-size:10px\">IZVOR: ABC 7 CHICAGO FOTO: UNSPLASH<\/p>","protected":false},"excerpt":{"rendered":"<p>Doktor Rochelle Walensky, direktor CDC-a, izjavila je 22. marta da je zabrinuta da bi SAD mogle da vide \u2018jo\u0161 jedan talas\u2019 koronavirusa. Izjavila je da se talas mo\u017ee spre\u010diti po\u0161tovanjem mera. Pre svega, misli se na no\u0161enje maski, socijalnu distancu i izbegavanje putovanja. \u201eKao \u0161to sam ranije rekla, kontinuirano opu\u0161tanje preventivnih mera dok su slu\u010dajevi [&hellip;]<\/p>\n","protected":false},"author":3,"featured_media":0,"comment_status":"","ping_status":"","sticky":false,"template":"","format":"standard","meta":{"wpai_generated_summary":"","footnotes":""},"categories":[368,369],"tags":[455,65099,589,65100,31079,592,376,60725,62603,53282,58518,42337,17177,49986,56942,55733,65101,596,380,41683,568,61571,60591,15612,20808,60908,65102,1684,422,16932,16359,65070],"class_list":["post-42324","post","type-post","status-publish","format-standard","hentry","category-vesti-amerika","category-vesti","tag-bajden","tag-direktor-cdc-a","tag-dzo-bajden-2","tag-guverneri-drzava","tag-imunizacija","tag-joe-biden","tag-koronavirus","tag-koronavirus-u-svetu","tag-mere-opreza","tag-mere-predostroznosti","tag-mere-protiv-korone","tag-mere-zastite","tag-mutacija-virusa","tag-mutacije","tag-novi-sojevi","tag-novi-talas","tag-obavezna-ogranicenja","tag-ogranicenja-2","tag-pandemija","tag-pandemija-koronavirusa","tag-sad","tag-sirenje-varijanata","tag-sirenje-varijanti","tag-sirenje-virusa","tag-sjedinjene-drzave","tag-sojevi-virusa","tag-talas-koronavirusa","tag-usa","tag-vakcina","tag-vakcinacija","tag-vakcine","tag-varijante-koronavirusa"],"_links":{"self":[{"href":"https:\/\/chicagodesavanja.us\/en\/wp-json\/wp\/v2\/posts\/42324","targetHints":{"allow":["GET"]}}],"collection":[{"href":"https:\/\/chicagodesavanja.us\/en\/wp-json\/wp\/v2\/posts"}],"about":[{"href":"https:\/\/chicagodesavanja.us\/en\/wp-json\/wp\/v2\/types\/post"}],"author":[{"embeddable":true,"href":"https:\/\/chicagodesavanja.us\/en\/wp-json\/wp\/v2\/users\/3"}],"replies":[{"embeddable":true,"href":"https:\/\/chicagodesavanja.us\/en\/wp-json\/wp\/v2\/comments?post=42324"}],"version-history":[{"count":0,"href":"https:\/\/chicagodesavanja.us\/en\/wp-json\/wp\/v2\/posts\/42324\/revisions"}],"wp:attachment":[{"href":"https:\/\/chicagodesavanja.us\/en\/wp-json\/wp\/v2\/media?parent=42324"}],"wp:term":[{"taxonomy":"category","embeddable":true,"href":"https:\/\/chicagodesavanja.us\/en\/wp-json\/wp\/v2\/categories?post=42324"},{"taxonomy":"post_tag","embeddable":true,"href":"https:\/\/chicagodesavanja.us\/en\/wp-json\/wp\/v2\/tags?post=42324"}],"curies":[{"name":"WP","href":"https:\/\/api.w.org\/{rel}","templated":true}]}}