{"id":42192,"date":"2021-04-07T05:20:00","date_gmt":"2021-04-07T05:20:00","guid":{"rendered":"https:\/\/chicagodesavanja.us\/dva-muskarca-povredena-u-pucnjavi-u-merilendu-osumnjiceni-ubijen-u-vojnoj-bazi\/"},"modified":"2021-04-07T05:20:00","modified_gmt":"2021-04-07T05:20:00","slug":"dva-muskarca-povredena-u-pucnjavi-u-merilendu-osumnjiceni-ubijen-u-vojnoj-bazi","status":"publish","type":"post","link":"https:\/\/chicagodesavanja.us\/en\/vesti\/dva-muskarca-povredena-u-pucnjavi-u-merilendu-osumnjiceni-ubijen-u-vojnoj-bazi\/","title":{"rendered":"Dvoje povre\u0111enih u pucnjavi u Merilendu, osumnji\u010deni ubijen u vojnoj bazi"},"content":{"rendered":"<p class=\"wp-block-paragraph\">Dva mu\u0161karca te\u0161ko su povre\u0111ena u pucnjavi u jednom poslovnom kompleksu u ameri\u010dkoj dr\u017eavi Merilend, a osumnji\u010deni napada\u010d, identifikovan kao pripadnik ameri\u010dke Mornarice, ubijen je u obli\u017enjoj vojnoj bazi gde je pobegao posle incidenta, saop\u0161tila je policija.<\/p>\n\n\n\n<p class=\"wp-block-paragraph\">Vlasti u gradu Frederiku, koji je 72 kilometra udaljen od prestonice Va\u0161ingtona, i dalje poku\u0161avaju da utvrde detalje pucnjave koja se dogodila u utorak ujutro po lokalnom vremenu.<\/p>\n\n\n\n<p class=\"wp-block-paragraph\">&#8222;Imamo dva razli\u010dite lokacije. Samo mogu da vam potvrdim da imamo samo jednog napada\u010da. Javnost je bezbedna&#8220;,\u00a0rekao je \u0161ef policije Frederika\u00a0D\u017eejson Lendo.<\/p>\n\n\n\n<p class=\"wp-block-paragraph\">Policija je, nakon \u0161to je primila hitan poziv, prona\u0161la dve \u017ertve pucnjave &#8211; obojica mu\u0161karci &#8211; u poslovnom kompleksu &#8222;Riversajd tek park&#8220;, rekao je Lendo.<\/p>\n\n\n\n<p class=\"wp-block-paragraph\">Dodao je da su dva te\u0161ko povre\u0111ena mu\u0161karca preba\u010dena u medicinski centar Univerziteta Merilend u Baltimoru i da su u &#8222;kriti\u010dnom stanju&#8220;.<\/p>\n\n\n\n<p class=\"wp-block-paragraph\">Navodni napada\u010d je posle pucnjave oti\u0161ao u obli\u017enju vojnu bazu Fort Detrik, udaljenu oko 6 kilometara od mesta napada, gde ga je upucalo vojno osoblje, naveo je \u0161ef policije. Nakon pucnjave, \u017ertva je u\u0161la u obli\u017enji Nicolock Paving Stones i zatra\u017eila pomo\u0107, rekla je jedna osoba sa lica mesta.<\/p>\n\n\n\n<p class=\"wp-block-paragraph\">Ameri\u010dka Mornarica je tvitovala da je neidentifikovani napada\u010d bio njen zdravstveni radnik.<\/p>\n\n\n\n<p class=\"wp-block-paragraph\">Vi\u0161e informacija o pucnjavi u Merilendu potra\u017eite <a href=\"https:\/\/edition.cnn.com\/2021\/04\/06\/us\/frederick-maryland-shooting\/index.html\" target=\"_blank\" rel=\"noreferrer noopener\">here<\/a>.<\/p>\n\n\n\n<p class=\"wp-block-paragraph\" style=\"font-size:10px\">SOURCE: <a href=\"https:\/\/www.glasamerike.net\/a\/dvoje-povre%C4%91enih-u-pucnjaci-u-merilendu-osumnji%C4%8Deni-ubijen-u-vojnoj-bazi\/5842794.html\" target=\"_blank\" rel=\"noreferrer noopener\">VOA <\/a>I FOTO: AP<\/p>","protected":false},"excerpt":{"rendered":"<p>Dva mu\u0161karca te\u0161ko su povre\u0111ena u pucnjavi u jednom poslovnom kompleksu u ameri\u010dkoj dr\u017eavi Merilend, a osumnji\u010deni napada\u010d, identifikovan kao pripadnik ameri\u010dke Mornarice, ubijen je u obli\u017enjoj vojnoj bazi gde je pobegao posle incidenta, saop\u0161tila je policija. Vlasti u gradu Frederiku, koji je 72 kilometra udaljen od prestonice Va\u0161ingtona, i dalje poku\u0161avaju da utvrde detalje [&hellip;]<\/p>\n","protected":false},"author":3,"featured_media":0,"comment_status":"","ping_status":"","sticky":false,"template":"","format":"standard","meta":{"wpai_generated_summary":"","footnotes":""},"categories":[368,369],"tags":[3475,2881,52358,64550,24458,27481,42404,52827,1161,43809,36679,23177],"class_list":["post-42192","post","type-post","status-publish","format-standard","hentry","category-vesti-amerika","category-vesti","tag-americka-mornarica","tag-bezbednost","tag-dva-muskarca","tag-kriticno","tag-maryland","tag-merilend","tag-napadac","tag-osumnjiceni-ubijen","tag-policija","tag-poslovni-kompleks","tag-povredjeni","tag-vojna-baza"],"_links":{"self":[{"href":"https:\/\/chicagodesavanja.us\/en\/wp-json\/wp\/v2\/posts\/42192","targetHints":{"allow":["GET"]}}],"collection":[{"href":"https:\/\/chicagodesavanja.us\/en\/wp-json\/wp\/v2\/posts"}],"about":[{"href":"https:\/\/chicagodesavanja.us\/en\/wp-json\/wp\/v2\/types\/post"}],"author":[{"embeddable":true,"href":"https:\/\/chicagodesavanja.us\/en\/wp-json\/wp\/v2\/users\/3"}],"replies":[{"embeddable":true,"href":"https:\/\/chicagodesavanja.us\/en\/wp-json\/wp\/v2\/comments?post=42192"}],"version-history":[{"count":0,"href":"https:\/\/chicagodesavanja.us\/en\/wp-json\/wp\/v2\/posts\/42192\/revisions"}],"wp:attachment":[{"href":"https:\/\/chicagodesavanja.us\/en\/wp-json\/wp\/v2\/media?parent=42192"}],"wp:term":[{"taxonomy":"category","embeddable":true,"href":"https:\/\/chicagodesavanja.us\/en\/wp-json\/wp\/v2\/categories?post=42192"},{"taxonomy":"post_tag","embeddable":true,"href":"https:\/\/chicagodesavanja.us\/en\/wp-json\/wp\/v2\/tags?post=42192"}],"curies":[{"name":"WP","href":"https:\/\/api.w.org\/{rel}","templated":true}]}}