{"id":42181,"date":"2021-04-09T02:30:00","date_gmt":"2021-04-09T02:30:00","guid":{"rendered":"https:\/\/chicagodesavanja.us\/sad-gledaju-srbiju-sa-velikim-postovanjem\/"},"modified":"2021-04-09T02:30:00","modified_gmt":"2021-04-09T02:30:00","slug":"sad-gledaju-srbiju-sa-velikim-postovanjem","status":"publish","type":"post","link":"https:\/\/chicagodesavanja.us\/en\/vesti\/sad-gledaju-srbiju-sa-velikim-postovanjem\/","title":{"rendered":"SAD gledaju Srbiju kao lidera u regionu"},"content":{"rendered":"<p class=\"wp-block-paragraph\">Zvani\u010dnici SAD na Srbiju gledaju sa velikim po\u0161tovanjem i do\u017eivljavaju je kao lidera u ovom delu Evrope koji se ozbiljno suo\u010dio sa koronavirusom.<\/p>\n\n\n\n<p class=\"wp-block-paragraph\">To je izjavio ambasador Srbije u SAD Marko \u00d0uri\u0107.<\/p>\n\n\n\n<p class=\"wp-block-paragraph\">Govore\u0107i o imunizaciji u Americi, on je za TV Vesti rekao da je ona dobila na brzini, jer se dnevno vakcini\u0161e izme\u0111u dva i po i \u010dak vi\u0161e od tri miliona ljudi, te da \u0107e na leto biti zaokru\u017eena.<\/p>\n\n\n\n<p class=\"wp-block-paragraph\">Naveo je da postoji problem koji se sastoji u tome \u0161to jedan deo stanovni\u0161tva osporava zna\u010daj vakcine, pa politi\u010dari pozivaju gra\u0111ane da se vakcini\u0161u.<\/p>\n\n\n\n<p class=\"wp-block-paragraph\">&#8222;Proces imunizacije u Srbiji je ovde pozitivno o\u0111eknuo. Kada razgovarate sa zvani\u010dnicima SAD i ka\u017eete da ste iz Srbije, oni ka\u017eu: &#8220;Vi dolazite iz zemlje koja je lider u tom delu Evrope i to govori o va\u0161em ozbiljnom odnosu prema ovom problemu&#8220;&#8220;, rekao je \u00d0uri\u0107.<\/p>\n\n\n\n<p class=\"wp-block-paragraph\">Kada je re\u010d o pitanju Kosova i Metohije, istakao je da je Srbija opredeljena za dijalog.<\/p>\n\n\n\n<p class=\"wp-block-paragraph\">Prema njegovim re\u010dima, Kosovo i Metohija je jedna od tema gde ne postoji poklapanje stavova Srbije i SAD.<\/p>\n\n\n\n<p class=\"wp-block-paragraph\">&#8222;Veoma je zna\u010dajno da mi danas, mo\u017eemo da ka\u017eemo da predstavljamo zemlju koja je \u010dvrsto opredeljena za dijalog&#8220;, rekao je on.<\/p>\n\n\n\n<p class=\"wp-block-paragraph\">Naglasio je da se trudi da razgovara s onima koji tradicionalno nisu na strani Srbije, kao i da polako dolazi do smene generacija.<\/p>\n\n\n\n<p class=\"wp-block-paragraph\">&#8222;Trudim se da razgovaram s onima koji nam tradicionalno nisu naklonjeni, paralelno s radom sa novim ljudima koji polako smenjuju ove koji su bili devedesetih&#8220;, istakao je \u00d0uri\u0107.<\/p>\n\n\n\n<p class=\"wp-block-paragraph\">Dodao je da je Srbija sada, jedna nova Srbija &#8222;koja ru\u0161i zidove izme\u0111u biv\u0161ih zemalja&#8220; i da se on trudi da sa predstavnicima na\u0161e dijaspore radi na izgradnji infrastrukture za budu\u0107i uticaj i relacije Srbije i SAD, a zvani\u010dnici SAD na Srbiju gledaju sa velikim po\u0161tovanjem<\/p>\n\n\n\n<p class=\"wp-block-paragraph\">&#8222;Ovo \u010dime se danas bavimo u Va\u0161ingtonu je dugoro\u010dno ulaganje u na\u0161u decu i budu\u0107nost Srbije&#8220;, naglasio je \u0110uri\u0107 za TV Vesti.<\/p>\n\n\n\n<p class=\"wp-block-paragraph\" style=\"font-size:10px\">SOURCE: <a href=\"https:\/\/www.b92.net\/info\/vesti\/index.php?yyyy=2021&amp;mm=04&amp;dd=08&amp;nav_category=640&amp;nav_id=1839878\" target=\"_blank\" rel=\"noreferrer noopener\">B92 <\/a>Photo: UNSPLASH<\/p>","protected":false},"excerpt":{"rendered":"<p>Zvani\u010dnici SAD na Srbiju gledaju sa velikim po\u0161tovanjem i do\u017eivljavaju je kao lidera u ovom delu Evrope koji se ozbiljno suo\u010dio sa koronavirusom. To je izjavio ambasador Srbije u SAD Marko \u00d0uri\u0107. Govore\u0107i o imunizaciji u Americi, on je za TV Vesti rekao da je ona dobila na brzini, jer se dnevno vakcini\u0161e izme\u0111u dva [&hellip;]<\/p>\n","protected":false},"author":3,"featured_media":0,"comment_status":"","ping_status":"","sticky":false,"template":"","format":"standard","meta":{"footnotes":""},"categories":[368,369],"tags":[10526,47102,4288,3985,376,5210,9086,631,16932,1604,64502,64503],"class_list":["post-42181","post","type-post","status-publish","format-standard","hentry","category-vesti-amerika","category-vesti","tag-buducnost","tag-dijalog","tag-dijaspora","tag-infrastruktura","tag-koronavirus","tag-kosovo-i-metohija","tag-marko-djuric","tag-srbija","tag-vakcinacija","tag-washington","tag-znacaj-vakcine","tag-zvanicnici-sad"],"_links":{"self":[{"href":"https:\/\/chicagodesavanja.us\/en\/wp-json\/wp\/v2\/posts\/42181","targetHints":{"allow":["GET"]}}],"collection":[{"href":"https:\/\/chicagodesavanja.us\/en\/wp-json\/wp\/v2\/posts"}],"about":[{"href":"https:\/\/chicagodesavanja.us\/en\/wp-json\/wp\/v2\/types\/post"}],"author":[{"embeddable":true,"href":"https:\/\/chicagodesavanja.us\/en\/wp-json\/wp\/v2\/users\/3"}],"replies":[{"embeddable":true,"href":"https:\/\/chicagodesavanja.us\/en\/wp-json\/wp\/v2\/comments?post=42181"}],"version-history":[{"count":0,"href":"https:\/\/chicagodesavanja.us\/en\/wp-json\/wp\/v2\/posts\/42181\/revisions"}],"wp:attachment":[{"href":"https:\/\/chicagodesavanja.us\/en\/wp-json\/wp\/v2\/media?parent=42181"}],"wp:term":[{"taxonomy":"category","embeddable":true,"href":"https:\/\/chicagodesavanja.us\/en\/wp-json\/wp\/v2\/categories?post=42181"},{"taxonomy":"post_tag","embeddable":true,"href":"https:\/\/chicagodesavanja.us\/en\/wp-json\/wp\/v2\/tags?post=42181"}],"curies":[{"name":"WP","href":"https:\/\/api.w.org\/{rel}","templated":true}]}}