{"id":42009,"date":"2021-04-28T04:48:00","date_gmt":"2021-04-28T04:48:00","guid":{"rendered":"https:\/\/chicagodesavanja.us\/endrju-braun-dzunior-ubijen-iako-nije-pruzao-otpor\/"},"modified":"2021-04-28T04:48:00","modified_gmt":"2021-04-28T04:48:00","slug":"endrju-braun-dzunior-ubijen-iako-nije-pruzao-otpor","status":"publish","type":"post","link":"https:\/\/chicagodesavanja.us\/en\/vesti\/endrju-braun-dzunior-ubijen-iako-nije-pruzao-otpor\/","title":{"rendered":"Policija u Severnoj Karolini ubila Afroamerikanca hicem u potiljak dok je dr\u017eao ruke na volanu"},"content":{"rendered":"<p class=\"wp-block-paragraph\">Afroamerikanac&nbsp;Endrju Braun d\u017eunior&nbsp;ubijen je tako \u0161to mu je policajac pucao u glavu dok su mu ruke bile za volanom, saop\u0161tila je njegova porodica nakon \u0161to je pregledala snimak policijske kamere.<\/p>\n\n\n\n<p class=\"wp-block-paragraph\">Incident se dogodio u gradu Elizabet siti, a policija je postupala po nalogu za pretres zbog posedovanja droga i nalogu za hap\u0161enje Brauna, saop\u0161tili su zvani\u010dnici, bez mnogo detalja.<\/p>\n\n\n\n<p class=\"wp-block-paragraph\">Advokatica<strong>&nbsp;<\/strong>\u0160antel \u0160eri Lesiter<strong>&nbsp;<\/strong>gledala je snimak u trajanju od 20 sekundi sa Braunovom porodicom i rekla da deluje da nikome nije pretio.<\/p>\n\n\n\n<p class=\"wp-block-paragraph\">&#8222;Na snimku se ne vidi da je u bilo kom trenutku Endrju Braun d\u017eunior pretio policajcima&#8220;, rekla je advokatica.<\/p>\n\n\n\n<p class=\"wp-block-paragraph\">Advokat&nbsp;Hari Danijels&nbsp;je rekao da su mu policajci pucali u potiljak.<\/p>\n\n\n\n<p class=\"wp-block-paragraph\">Jedan svedok je kazao da je Braun ubijen po\u0161to je poku\u0161ao da se odveze.<\/p>\n\n\n\n<p class=\"wp-block-paragraph\">Lesiter, koja je nekoliko puta pregledala snimak, ka\u017ee da se na njemu vidi osam policajaca i da su po\u010deli da pucaju uz povike &#8222;da vidim ruke&#8220;.<\/p>\n\n\n\n<p class=\"wp-block-paragraph\">&#8222;Da budemo jasni: ovo je egzekucija&#8220;.<\/p>\n\n\n\n<p class=\"wp-block-paragraph\">Braunova porodica je tako\u0111e osudila to \u0161to je okru\u017eni tu\u017eilac&nbsp;Majkl Koks<strong>,<\/strong>&nbsp;kako tvrde, objavio samo 20 sekundi snimka.<\/p>\n\n\n\n<p class=\"wp-block-paragraph\">&#8222;Ho\u0107e ne\u0161to da sakriju&#8220;, rekao je advokat&nbsp;Bend\u017eamin Kramp.<\/p>\n\n\n\n<p class=\"wp-block-paragraph\">Okru\u017eni \u0161erif&nbsp;Tomi Vuten<strong>&nbsp;<\/strong>kazao je da je ispaljeno vi\u0161e hitaca i da se istraga trenutno vodi protiv sedmorice policajaca. Apelovao je i na strpljenje dok se ne objavi ceo snimak, jer to mora da odobri sud.<\/p>\n\n\n\n<p class=\"wp-block-paragraph\">&#8222;Tragi\u010dni incident se odigrao brzo, za manje od 30 sekundi, a kamere sa policijskih uniformi se \u010desto tresu i te\u0161ko je razaznati \u0161ta se desilo. One daju samo deo pri\u010de&#8220;.<\/p>\n\n\n\n<p class=\"wp-block-paragraph\">Policija je objavila i nalog za pretres jer je Braun snimljen kako prodaje kokain i metamfetamin.<\/p>\n\n\n\n<p class=\"wp-block-paragraph\">Taj nalog je predvi\u0111ao pretres njegovog doma u Elizabet sitiju, jer su informacije ukazivale da je tamo prodavao drogu, \u0161to je potvrdio i policijski dou\u0161nik koji je drogu kupio, saop\u0161tila je policija.<\/p>\n\n\n\n<p class=\"wp-block-paragraph\">Policija je tako\u0111e verovala da drogu \u010duva i u vozilu. Za njim su izdata dva naloga za hap\u0161enje.<\/p>\n\n\n\n<p class=\"wp-block-paragraph\">U Elizabet sitiju su izbile demonstrancije zbog smrti Endrjua Brauna d\u017euniora, a gra\u0111ain su pozvali policiju da objavi snimak da ga vide svi, a ne samo porodica.<\/p>\n\n\n\n<p class=\"wp-block-paragraph\" style=\"font-size:10px\">SOURCE:<a href=\"http:\/\/httpwww.glasamerikes:\/\/.net\/a\/policija-u-severnoj-karolini-ubila-nenaoru\u017eanog-crnca-\/5868245.html\" target=\"_blank\" rel=\"noreferrer noopener\"> VOA<\/a> I FOTO: SKYNEWS<\/p>","protected":false},"excerpt":{"rendered":"<p>Afroamerikanac&nbsp;Endrju Braun d\u017eunior&nbsp;ubijen je tako \u0161to mu je policajac pucao u glavu dok su mu ruke bile za volanom, saop\u0161tila je njegova porodica nakon \u0161to je pregledala snimak policijske kamere. Incident se dogodio u gradu Elizabet siti, a policija je postupala po nalogu za pretres zbog posedovanja droga i nalogu za hap\u0161enje Brauna, saop\u0161tili su [&hellip;]<\/p>\n","protected":false},"author":3,"featured_media":0,"comment_status":"","ping_status":"","sticky":false,"template":"","format":"standard","meta":{"wpai_generated_summary":"","footnotes":""},"categories":[368,369],"tags":[49170,63783,7241,1161,63784,63785,63786,46567,63787,18734,63788,63789],"class_list":["post-42009","post","type-post","status-publish","format-standard","hentry","category-vesti-amerika","category-vesti","tag-afroamerikanac-ubijen","tag-andrew-brown","tag-policajac","tag-policija","tag-policijac-pucao","tag-posedovanje-droge","tag-potiljak","tag-pretres","tag-ruke-na-volanu","tag-severna-karolina","tag-u-glavu","tag-upucan-u-glau"],"_links":{"self":[{"href":"https:\/\/chicagodesavanja.us\/en\/wp-json\/wp\/v2\/posts\/42009","targetHints":{"allow":["GET"]}}],"collection":[{"href":"https:\/\/chicagodesavanja.us\/en\/wp-json\/wp\/v2\/posts"}],"about":[{"href":"https:\/\/chicagodesavanja.us\/en\/wp-json\/wp\/v2\/types\/post"}],"author":[{"embeddable":true,"href":"https:\/\/chicagodesavanja.us\/en\/wp-json\/wp\/v2\/users\/3"}],"replies":[{"embeddable":true,"href":"https:\/\/chicagodesavanja.us\/en\/wp-json\/wp\/v2\/comments?post=42009"}],"version-history":[{"count":0,"href":"https:\/\/chicagodesavanja.us\/en\/wp-json\/wp\/v2\/posts\/42009\/revisions"}],"wp:attachment":[{"href":"https:\/\/chicagodesavanja.us\/en\/wp-json\/wp\/v2\/media?parent=42009"}],"wp:term":[{"taxonomy":"category","embeddable":true,"href":"https:\/\/chicagodesavanja.us\/en\/wp-json\/wp\/v2\/categories?post=42009"},{"taxonomy":"post_tag","embeddable":true,"href":"https:\/\/chicagodesavanja.us\/en\/wp-json\/wp\/v2\/tags?post=42009"}],"curies":[{"name":"WP","href":"https:\/\/api.w.org\/{rel}","templated":true}]}}