{"id":41964,"date":"2021-05-03T08:10:00","date_gmt":"2021-05-03T08:10:00","guid":{"rendered":"https:\/\/chicagodesavanja.us\/svetski-dan-sunca-obelezava-se-3-maja\/"},"modified":"2021-05-03T08:10:00","modified_gmt":"2021-05-03T08:10:00","slug":"svetski-dan-sunca-obelezava-se-3-maja","status":"publish","type":"post","link":"https:\/\/chicagodesavanja.us\/en\/vesti\/svetski-dan-sunca-obelezava-se-3-maja\/","title":{"rendered":"Svetski dan Sunca: Koliko \u0107e jo\u0161 sijati najva\u017enija zvezda na\u0161eg univerzuma"},"content":{"rendered":"<p class=\"wp-block-paragraph\">Kada je prvi  put proslavljen Svetski dan Sunca?<\/p>\n\n\n\n<p class=\"wp-block-paragraph\">Ameri\u010dki predsednik D\u017eimi Karter odlazi u Denver 3. maja 1978. godine u institut za istra\u017eivanje solarne energije.<\/p>\n\n\n\n<p class=\"wp-block-paragraph\">Na drugom kraja zemlje, istog dana, desetine ljudi okupilo se na planini Kadilak u Mejnu, na mestu gde je sun\u010dev zrak navodno prvi put dodirnuo Sjedinjene Dr\u017eave.<\/p>\n\n\n\n<p class=\"wp-block-paragraph\">U Njujorku je Robert Redford pred masom govorio kako \u201enijedna dr\u017eava ne mo\u017ee da postavi embargo nad Suncem\u201c.<\/p>\n\n\n\n<p class=\"wp-block-paragraph\">Svi ovi doga\u0111aji u Sjedinjenim Dr\u017eavama, ali i u jo\u0161 22 zemlje sveta, imali su ne\u0161to zajedni\u010dko \u2013 te godine prvi je put proslavljen Svetski dan Sunca, na Karterovu inicijativu.<\/p>\n\n\n\n<p class=\"wp-block-paragraph\">Nau\u010dnici od tada koriste svaki trenutak da \u0161to vi\u0161e saznaju o zvezdi zbog koje je Zemlja naseljena.<\/p>\n\n\n\n<p class=\"wp-block-paragraph\" id=\"h-ta-sve-znamo-o-suncu\"><strong>\u0160ta sve znamo o Suncu<\/strong><\/p>\n\n\n\n<p class=\"wp-block-paragraph\">Sunce je staro oko 4,5 milijardi godina, podaci su&nbsp;Nacionalne vazduhoplovne i svemirske administracije (NASA).<\/p>\n\n\n\n<p class=\"wp-block-paragraph\">Sija\u0107e, procenjuju nau\u010dnici, jo\u0161 toliko.<\/p>\n\n\n\n<p class=\"wp-block-paragraph\">\u201eZvezde poput na\u0161eg Sunca sijaju oko devet do deset milijardi godina. Dakle, na\u0161e Sunce je otprilike na polovini \u017eivota\u201c, ka\u017eu NASA nau\u010dnici.<\/p>\n\n\n\n<p class=\"wp-block-paragraph\">\u201eKada istekne tih pet milijardi godina, Sunce \u0107e postati crveni div.<\/p>\n\n\n\n<p class=\"wp-block-paragraph\">\u201eTo zna\u010di da \u0107e istovremeno postati ve\u0107e i hladnije. Kada se to dogodi, bi\u0107e druga\u010dije od Sunca koje danas poznajemo.<\/p>\n\n\n\n<p class=\"wp-block-paragraph\">\u201ePosta\u0107e oko 2.000 puta svetlije nego \u0161to je sada\u201c.<\/p>\n\n\n\n<p class=\"wp-block-paragraph\">Ova zvezda je 109 puta ve\u0107eg pre\u010dnika od Zemlje i te\u017ea je 330.000 puta.<\/p>\n\n\n\n<p class=\"wp-block-paragraph\">Ipak, svake sekunde gubi i po nekoliko tona sopstvene mase pri pretvaranju u svetlost i energiju.<\/p>\n\n\n\n<p class=\"wp-block-paragraph\">Temperatura Sunca je neverovatnih 15 miliona stepeni Celzijusa.<\/p>\n\n\n\n<p class=\"wp-block-paragraph\">Ova temperatura je, procenjuje se, u samom jezgru Sunca.<\/p>\n\n\n\n<p class=\"wp-block-paragraph\">Iako Sunce do\u017eivljavamo kao \u017euto, ova zvezda zapravo nema jednu boju, ve\u0107 je me\u0161avina vi\u0161e njih.<\/p>\n\n\n\n<p class=\"wp-block-paragraph\">Po\u0161to ga gledamo kroz atmosferu, vidimo ga kao zaslepljuju\u0107e belo.<\/p>\n\n\n\n<p class=\"wp-block-paragraph\">Sunce \u010dini dve tre\u0107ine vodonika, dok jedna tre\u0107ina odlazi na helijum.<\/p>\n\n\n\n<p class=\"wp-block-paragraph\">Zraku Sunca treba osam minuta da do\u0111e do Zemlje, a razdaljina je gotovo 150 miliona kilometara.<\/p>\n\n\n\n<p class=\"wp-block-paragraph\" style=\"font-size:10px\">SOURCE: <a href=\"https:\/\/www.danas.rs\/bbc-news-serbian\/svetski-dan-sunca-koliko-ce-jos-sijati-najvaznija-zvezda-naseg-univerzuma\/\" target=\"_blank\" rel=\"noreferrer noopener\">DANAS <\/a>Photo: UNSPLASH<\/p>","protected":false},"excerpt":{"rendered":"<p>Kada je prvi put proslavljen Svetski dan Sunca? Ameri\u010dki predsednik D\u017eimi Karter odlazi u Denver 3. maja 1978. godine u institut za istra\u017eivanje solarne energije. Na drugom kraja zemlje, istog dana, desetine ljudi okupilo se na planini Kadilak u Mejnu, na mestu gde je sun\u010dev zrak navodno prvi put dodirnuo Sjedinjene Dr\u017eave. U Njujorku je [&hellip;]<\/p>\n","protected":false},"author":3,"featured_media":0,"comment_status":"","ping_status":"","sticky":false,"template":"","format":"standard","meta":{"footnotes":""},"categories":[438],"tags":[63612,63613,37515,19948,5174,63614,10962,63615,8237],"class_list":["post-41964","post","type-post","status-publish","format-standard","hentry","category-lifestyle","tag-3-maj-2","tag-dzimi-karter","tag-helijum","tag-solarna-energija","tag-sunce","tag-svetski-dan-sunca","tag-temperatura","tag-vodonik","tag-zvezda"],"_links":{"self":[{"href":"https:\/\/chicagodesavanja.us\/en\/wp-json\/wp\/v2\/posts\/41964","targetHints":{"allow":["GET"]}}],"collection":[{"href":"https:\/\/chicagodesavanja.us\/en\/wp-json\/wp\/v2\/posts"}],"about":[{"href":"https:\/\/chicagodesavanja.us\/en\/wp-json\/wp\/v2\/types\/post"}],"author":[{"embeddable":true,"href":"https:\/\/chicagodesavanja.us\/en\/wp-json\/wp\/v2\/users\/3"}],"replies":[{"embeddable":true,"href":"https:\/\/chicagodesavanja.us\/en\/wp-json\/wp\/v2\/comments?post=41964"}],"version-history":[{"count":0,"href":"https:\/\/chicagodesavanja.us\/en\/wp-json\/wp\/v2\/posts\/41964\/revisions"}],"wp:attachment":[{"href":"https:\/\/chicagodesavanja.us\/en\/wp-json\/wp\/v2\/media?parent=41964"}],"wp:term":[{"taxonomy":"category","embeddable":true,"href":"https:\/\/chicagodesavanja.us\/en\/wp-json\/wp\/v2\/categories?post=41964"},{"taxonomy":"post_tag","embeddable":true,"href":"https:\/\/chicagodesavanja.us\/en\/wp-json\/wp\/v2\/tags?post=41964"}],"curies":[{"name":"WP","href":"https:\/\/api.w.org\/{rel}","templated":true}]}}