{"id":41919,"date":"2021-05-08T03:35:19","date_gmt":"2021-05-08T03:35:19","guid":{"rendered":"https:\/\/chicagodesavanja.us\/bajden-oporavak-sad-je-dugotrajan-posao\/"},"modified":"2021-05-08T03:35:19","modified_gmt":"2021-05-08T03:35:19","slug":"bajden-oporavak-sad-je-dugotrajan-posao","status":"publish","type":"post","link":"https:\/\/chicagodesavanja.us\/en\/vesti\/bajden-oporavak-sad-je-dugotrajan-posao\/","title":{"rendered":"Bajden: Oporavak SAD je dugotrajan posao"},"content":{"rendered":"<p class=\"wp-block-paragraph\">Ameri\u010dki predsednik D\u017eozef Bajden izjavio je da brojka od 266.000 novootvorenih radnih mesta tokom aprila nije razo\u010daravaju\u0107a, ve\u0107 dobar pokazatelj da su SAD na pravom putu i da predstoji jo\u0161 mnogo posla.<\/p>\n\n\n\n<p class=\"wp-block-paragraph\">Bajden se obratio po\u0161to je Sekretarijat za rad objavio brojke na osnovu kojih je deo ameri\u010dke javnosti procenio da je april obele\u017eio trend usporenog zapo\u0161ljavanja, a istovremeno podaci o broju otvorenih radnih mesta u martu revidirani su na 770.000, umesto prvobitnih prijavljenih 916.000, preneo je \u201eGlas Amerike\u201d.<\/p>\n\n\n\n<p class=\"wp-block-paragraph\">\u201e\u010cujem komentare da bi trebalo da budemo razo\u010darani. Nismo ni mislili da \u0107e sve da se dogodi 60 dana od stupanja na snagu plana za oporavak ameri\u010dke ekonomije. Jasno je da je re\u010d o dugotrajnom procesu, \u010dije rezultate je mogu\u0107e sagledati nakon godinu dana\u201d, rekao je Bajden novinarima u Beloj ku\u0107i, prenosi <a href=\"http:\/\/www.politika.rs\/sr\/clanak\/478468\/Bajden-Oporavak-SAD-je-dugotrajan-posao\" target=\"_blank\" rel=\"noopener\">Tanjug<\/a>.<\/p>\n\n\n\n<p class=\"wp-block-paragraph\">Odgovaraju\u0107i na primedbe da zbog beneficija u okviru nedavno usvojenog paketa pomo\u0107i od 1,9 hiljada milijardi dolara deo gra\u0111ana ne \u017eeli da tra\u017ei posao jer prima naknade koje su ve\u0107e od minimalne zarade, ameri\u010dki predsednik je rekao da izve\u0161taji pokazuju da je problem ve\u0107i od toga i da SAD imaju osam miliona radnika manje u odnosu na period pre pandemije.<\/p>\n\n\n\n<p class=\"wp-block-paragraph\">On je pojasnio da se SAD jo\u0161 izvla\u010de, kako se izrazio, iz duboke provalije.<\/p>\n\n\n\n<p class=\"wp-block-paragraph\">\u201eNiko ne treba da potceni koliko je ovo ozbiljna borba. Ovog meseca zaposleno je 266.000 ljudi vi\u0161e u odnosu na pro\u0161li. Plan za spas ameri\u010dke ekonomije projektovan je da pokrije celu godinu i treba da nas vrati tamo gde smo bili\u201d, rekao je ameri\u010dki predsednik.<\/p>\n\n\n\n<p class=\"wp-block-paragraph\">Uprkos evidentnim pobolj\u0161anjima u sferi ekonomije, koja je po proceni stru\u010dnjaka pod najve\u0107im izazovima od vremena Drugog svetskog rata, milioni ameri\u010dkih gra\u0111ana su i dalje nezaposleni.<\/p>\n\n\n\n<p class=\"wp-block-paragraph\"><\/p>\n\n\n\n<p class=\"wp-block-paragraph\" style=\"font-size:10px\">IZVOR: POLITIKA I FOTO: BETA<\/p>","protected":false},"excerpt":{"rendered":"<p>Ameri\u010dki predsednik D\u017eozef Bajden izjavio je da brojka od 266.000 novootvorenih radnih mesta tokom aprila nije razo\u010daravaju\u0107a, ve\u0107 dobar pokazatelj da su SAD na pravom putu i da predstoji jo\u0161 mnogo posla. Bajden se obratio po\u0161to je Sekretarijat za rad objavio brojke na osnovu kojih je deo ameri\u010dke javnosti procenio da je april obele\u017eio trend [&hellip;]<\/p>\n","protected":false},"author":4,"featured_media":0,"comment_status":"","ping_status":"","sticky":false,"template":"","format":"standard","meta":{"footnotes":""},"categories":[368,369],"tags":[455,2880,484,423,376,58433,380,55154,568,2303],"class_list":["post-41919","post","type-post","status-publish","format-standard","hentry","category-vesti-amerika","category-vesti","tag-bajden","tag-bela-kuca","tag-dzozef-bajden","tag-ekonomija","tag-koronavirus","tag-oporavak-ekonomije","tag-pandemija","tag-predsednik-dzo-bajden","tag-sad","tag-sjedinjene-americke-drzave"],"_links":{"self":[{"href":"https:\/\/chicagodesavanja.us\/en\/wp-json\/wp\/v2\/posts\/41919","targetHints":{"allow":["GET"]}}],"collection":[{"href":"https:\/\/chicagodesavanja.us\/en\/wp-json\/wp\/v2\/posts"}],"about":[{"href":"https:\/\/chicagodesavanja.us\/en\/wp-json\/wp\/v2\/types\/post"}],"author":[{"embeddable":true,"href":"https:\/\/chicagodesavanja.us\/en\/wp-json\/wp\/v2\/users\/4"}],"replies":[{"embeddable":true,"href":"https:\/\/chicagodesavanja.us\/en\/wp-json\/wp\/v2\/comments?post=41919"}],"version-history":[{"count":0,"href":"https:\/\/chicagodesavanja.us\/en\/wp-json\/wp\/v2\/posts\/41919\/revisions"}],"wp:attachment":[{"href":"https:\/\/chicagodesavanja.us\/en\/wp-json\/wp\/v2\/media?parent=41919"}],"wp:term":[{"taxonomy":"category","embeddable":true,"href":"https:\/\/chicagodesavanja.us\/en\/wp-json\/wp\/v2\/categories?post=41919"},{"taxonomy":"post_tag","embeddable":true,"href":"https:\/\/chicagodesavanja.us\/en\/wp-json\/wp\/v2\/tags?post=41919"}],"curies":[{"name":"WP","href":"https:\/\/api.w.org\/{rel}","templated":true}]}}