{"id":41839,"date":"2021-05-17T04:23:00","date_gmt":"2021-05-17T04:23:00","guid":{"rendered":"https:\/\/chicagodesavanja.us\/direktorka-cdc-upozorila-na-opasnost-za-nevakcinisane-gradane\/"},"modified":"2021-05-17T04:23:00","modified_gmt":"2021-05-17T04:23:00","slug":"direktorka-cdc-upozorila-na-opasnost-za-nevakcinisane-gradane","status":"publish","type":"post","link":"https:\/\/chicagodesavanja.us\/en\/vesti\/direktorka-cdc-upozorila-na-opasnost-za-nevakcinisane-gradane\/","title":{"rendered":"CDC: Nevakcinisani ljudi u opasnosti ako ne nose maske"},"content":{"rendered":"<p class=\"wp-block-paragraph\">Direktorka Centra za kontrolu i prevenciju bolesti, povodom novih, bla\u017eih smernica agencije o no\u0161enju maski, izjavila je da samo nevakcinisani ljudi rizikuju ako skinu maske.<\/p>\n\n\n\n<p class=\"wp-block-paragraph\">\u201eAko ste vakcinisani, ka\u017eemo da ste na sigurnom. Mo\u017eete skinuti svoju masku i niste u opasnosti od te\u0161ke bolesti ili hospitalizacije zbog virusa\u201c, navodi dr Rochelle P. Walensky.<\/p>\n\n\n\n<p class=\"wp-block-paragraph\">\u201eAko niste vakcinisani, niste sigurni. Molim vas, idite na vakcinaciju ili nastavite da nosite svoju masku\u201c, dodala je direktorka CDC-a.<\/p>\n\n\n\n<p class=\"wp-block-paragraph\"><a href=\"http:\/\/Direktorka Centra za kontrolu i prevenciju bolesti, povodom novih, bla\u017eih smernica agencije o no\u0161enju maski, pru\u017eila je u nedelju o\u0161tro uverenje. Samo nevakcinisani ljudi rizikuju ako skinu maske.\" target=\"_blank\" rel=\"noreferrer noopener\">Smernice CDC-a<\/a>, objavljene u \u010detvrtak, odre\u0111uju da vi\u0161e nije neophodno da potpuno vakcinisani ljudi nose maske. Tako\u0111e, oni ne moraju ni odr\u017eavati socijalnu distancu u mnogim okru\u017eenjima.<\/p>\n\n\n\n<p class=\"wp-block-paragraph\">Promena je izazvala primedbe nekih lokalnih zvani\u010dnika i sindikata, uklju\u010duju\u0107i najve\u0107i sindikat registrovanih medicinskih sestara u zemlji.<\/p>\n\n\n\n<p class=\"wp-block-paragraph\">Brojni ameri\u010dki trgovci na malo ve\u0107 su ukinuli zahteve za maskama.<\/p>\n\n\n\n<p class=\"wp-block-paragraph\">Direktorka CDC-a je izjavila da \u201eve\u0107 16 meseci govorimo ljudima da budu oprezni\u201c. Jasno je stavila do znanja da je nova smernica CDC-a navodi pojedince da mogu sami da odlu\u010de.<\/p>\n\n\n\n<p class=\"wp-block-paragraph\">Tako\u0111e je primetila da bi zajednice u kojima je vi\u0161e novozara\u017eenih trebalo da razmotre zadr\u017eavanje zahteva za maskom. Ta preporuka se odnosi i na decu koja nisu vakcinisana \u2013 uklju\u010duju\u0107i svu decu mla\u0111u od 12 godina, koja jo\u0161 ne ispunjavaju uslove za vakcinaciju.<\/p>\n\n\n\n<p class=\"wp-block-paragraph\">\u201eOvo nije dozvola da se maske skidaju svuda\u201c, rekla je dr Walensky, ve\u0107 o \u201eindividualnoj proceni va\u0161eg rizika\u201c.<\/p>\n\n\n\n<p class=\"wp-block-paragraph\">You can find more information <a href=\"https:\/\/www.nytimes.com\/2021\/05\/16\/world\/cdc-director-unvaccinated-masks.html\" target=\"_blank\" rel=\"noreferrer noopener\">here<\/a>.<\/p>\n\n\n\n<p class=\"wp-block-paragraph\" style=\"font-size:10px\">IZVOR: THE NEW YORK TIMES FOTO: UNSPLASH<\/p>","protected":false},"excerpt":{"rendered":"<p>Direktorka Centra za kontrolu i prevenciju bolesti, povodom novih, bla\u017eih smernica agencije o no\u0161enju maski, izjavila je da samo nevakcinisani ljudi rizikuju ako skinu maske. \u201eAko ste vakcinisani, ka\u017eemo da ste na sigurnom. Mo\u017eete skinuti svoju masku i niste u opasnosti od te\u0161ke bolesti ili hospitalizacije zbog virusa\u201c, navodi dr Rochelle P. Walensky. \u201eAko niste [&hellip;]<\/p>\n","protected":false},"author":3,"featured_media":0,"comment_status":"","ping_status":"","sticky":false,"template":"","format":"standard","meta":{"footnotes":""},"categories":[368,369],"tags":[60763,63141,538,983,29314,63142,7897,559,52244,6866,49688,53282,53753,44989,380,41683,2303,20808,63143,44515,422,44235,16932,16359,58317,60592],"class_list":["post-41839","post","type-post","status-publish","format-standard","hentry","category-vesti-amerika","category-vesti","tag-america","tag-americki-cdc","tag-amerika","tag-cdc","tag-centri-za-kontrolu-i-prevenciju-bolesti","tag-direktorka-cdc","tag-gradani-amerike","tag-maske","tag-maske-za-lice","tag-mere","tag-mere-bezbednosti","tag-mere-predostroznosti","tag-nevakcinisani","tag-nosenje-maski","tag-pandemija","tag-pandemija-koronavirusa","tag-sjedinjene-americke-drzave","tag-sjedinjene-drzave","tag-skidanje-maski","tag-smernice","tag-vakcina","tag-vakcina-protiv-koronavirusa","tag-vakcinacija","tag-vakcine","tag-vakcinisani-gradani","tag-vakcinisanje"],"_links":{"self":[{"href":"https:\/\/chicagodesavanja.us\/en\/wp-json\/wp\/v2\/posts\/41839","targetHints":{"allow":["GET"]}}],"collection":[{"href":"https:\/\/chicagodesavanja.us\/en\/wp-json\/wp\/v2\/posts"}],"about":[{"href":"https:\/\/chicagodesavanja.us\/en\/wp-json\/wp\/v2\/types\/post"}],"author":[{"embeddable":true,"href":"https:\/\/chicagodesavanja.us\/en\/wp-json\/wp\/v2\/users\/3"}],"replies":[{"embeddable":true,"href":"https:\/\/chicagodesavanja.us\/en\/wp-json\/wp\/v2\/comments?post=41839"}],"version-history":[{"count":0,"href":"https:\/\/chicagodesavanja.us\/en\/wp-json\/wp\/v2\/posts\/41839\/revisions"}],"wp:attachment":[{"href":"https:\/\/chicagodesavanja.us\/en\/wp-json\/wp\/v2\/media?parent=41839"}],"wp:term":[{"taxonomy":"category","embeddable":true,"href":"https:\/\/chicagodesavanja.us\/en\/wp-json\/wp\/v2\/categories?post=41839"},{"taxonomy":"post_tag","embeddable":true,"href":"https:\/\/chicagodesavanja.us\/en\/wp-json\/wp\/v2\/tags?post=41839"}],"curies":[{"name":"WP","href":"https:\/\/api.w.org\/{rel}","templated":true}]}}