{"id":41835,"date":"2021-05-17T05:00:00","date_gmt":"2021-05-17T05:00:00","guid":{"rendered":"https:\/\/chicagodesavanja.us\/istice-rok-za-podnosenje-poreskih-prijava\/"},"modified":"2021-05-17T05:00:00","modified_gmt":"2021-05-17T05:00:00","slug":"istice-rok-za-podnosenje-poreskih-prijava","status":"publish","type":"post","link":"https:\/\/chicagodesavanja.us\/en\/vesti\/istice-rok-za-podnosenje-poreskih-prijava\/","title":{"rendered":"Isti\u010de rok za podno\u0161enje poreskih prijava"},"content":{"rendered":"<p class=\"wp-block-paragraph\">Rok za podno\u0161enje poreskih prijava isti\u010de danas, 17. maja, i kre\u0107u uplate za pojedince.<\/p>\n\n\n\n<p class=\"wp-block-paragraph\">Ministarstvo finansija i Poreska uprava produ\u017eili su rok u martu zbog situacije izazvane pandemijom virusa kovid 19.<\/p>\n\n\n\n<p class=\"wp-block-paragraph\">\u201eOvo \u0107e za mnoge ljude i dalje biti te\u0161ko vreme, a Poreska uprava \u017eeli da nastavi da \u010dini sve \u0161to je mogu\u0107e kako bi pomogla poreskim obveznicima da se sna\u0111u u neobi\u010dnim okolnostima povezanim sa pandemijom, istovremeno rade\u0107i na va\u017enim odgovornostima poreske uprave\u201c, rekao je komesar IRS-a Chuck Rettig najavljivaju\u0107i produ\u017eenje roka za prijavu.<\/p>\n\n\n\n<p class=\"wp-block-paragraph\">Rok do ponedeljka, 17. maja, ne odnosi se na Teksas, Oklahomu i Luizijanu.&nbsp;<\/p>\n\n\n\n<p class=\"wp-block-paragraph\">U tim dr\u017eavama je Poreska uprava produ\u017eila Tax Day do 15. juna za podno\u0161enje razli\u010ditih individualnih i poslovnih poreskih prijava i izvr\u0161avanje pla\u0107anja poreza.<\/p>\n\n\n\n<p class=\"wp-block-paragraph\">To produ\u017eenje rezultat je deklaracija Savezne agencije za upravljanje vanrednim situacijama u tim dr\u017eavama nakon zimskih oluja u februaru.<\/p>\n\n\n\n<p class=\"wp-block-paragraph\">You can find more information <a href=\"https:\/\/abc7chicago.com\/finance\/federal-income-tax-filings-and-payments-for-individuals-due-monday\/10645500\/\" target=\"_blank\" rel=\"noreferrer noopener\">here<\/a>.<\/p>\n\n\n\n<p class=\"wp-block-paragraph\" style=\"font-size:10px\">IZVOR:  ABC 7 CHICAGO FOTO: UNSPLASH<\/p>","protected":false},"excerpt":{"rendered":"<p>Rok za podno\u0161enje poreskih prijava isti\u010de danas, 17. maja, i kre\u0107u uplate za pojedince. Ministarstvo finansija i Poreska uprava produ\u017eili su rok u martu zbog situacije izazvane pandemijom virusa kovid 19. \u201eOvo \u0107e za mnoge ljude i dalje biti te\u0161ko vreme, a Poreska uprava \u017eeli da nastavi da \u010dini sve \u0161to je mogu\u0107e kako bi [&hellip;]<\/p>\n","protected":false},"author":3,"featured_media":0,"comment_status":"","ping_status":"","sticky":false,"template":"","format":"standard","meta":{"footnotes":""},"categories":[368,369],"tags":[1414,40073,16910,1043,380,41683,3829,50425,4572,34150,50426,63128,2386],"class_list":["post-41835","post","type-post","status-publish","format-standard","hentry","category-vesti-amerika","category-vesti","tag-irs","tag-luizijana","tag-ministarstvo-finansija","tag-oklahoma","tag-pandemija","tag-pandemija-koronavirusa","tag-placanje","tag-placanje-poreza","tag-poreska-prijava","tag-poreska-uprava","tag-poreske-prijave","tag-tax-day","tag-teksas"],"_links":{"self":[{"href":"https:\/\/chicagodesavanja.us\/en\/wp-json\/wp\/v2\/posts\/41835","targetHints":{"allow":["GET"]}}],"collection":[{"href":"https:\/\/chicagodesavanja.us\/en\/wp-json\/wp\/v2\/posts"}],"about":[{"href":"https:\/\/chicagodesavanja.us\/en\/wp-json\/wp\/v2\/types\/post"}],"author":[{"embeddable":true,"href":"https:\/\/chicagodesavanja.us\/en\/wp-json\/wp\/v2\/users\/3"}],"replies":[{"embeddable":true,"href":"https:\/\/chicagodesavanja.us\/en\/wp-json\/wp\/v2\/comments?post=41835"}],"version-history":[{"count":0,"href":"https:\/\/chicagodesavanja.us\/en\/wp-json\/wp\/v2\/posts\/41835\/revisions"}],"wp:attachment":[{"href":"https:\/\/chicagodesavanja.us\/en\/wp-json\/wp\/v2\/media?parent=41835"}],"wp:term":[{"taxonomy":"category","embeddable":true,"href":"https:\/\/chicagodesavanja.us\/en\/wp-json\/wp\/v2\/categories?post=41835"},{"taxonomy":"post_tag","embeddable":true,"href":"https:\/\/chicagodesavanja.us\/en\/wp-json\/wp\/v2\/tags?post=41835"}],"curies":[{"name":"WP","href":"https:\/\/api.w.org\/{rel}","templated":true}]}}