{"id":41799,"date":"2021-05-21T04:55:00","date_gmt":"2021-05-21T04:55:00","guid":{"rendered":"https:\/\/chicagodesavanja.us\/muzej-dusable-se-ponovo-otvara\/"},"modified":"2021-05-21T04:55:00","modified_gmt":"2021-05-21T04:55:00","slug":"muzej-dusable-se-ponovo-otvara","status":"publish","type":"post","link":"https:\/\/chicagodesavanja.us\/en\/vesti\/muzej-dusable-se-ponovo-otvara\/","title":{"rendered":"Muzej DuSable se ponovo otvara"},"content":{"rendered":"<p class=\"wp-block-paragraph\">Muzej DuSable otvori\u0107e svoja vrata u subotu 19. juna, na dan poznat kao Juneteenth.<\/p>\n\n\n\n<p class=\"wp-block-paragraph\">Ovaj praznik poznat je i kao Dan pobede ili Dan emancipacije. Juneteenth je je najstarija poznata proslava povodom zavr\u0161etka ropstva u Sjedinjenim Dr\u017eavama.<\/p>\n\n\n\n<p class=\"wp-block-paragraph\">Muzej DuSable je bio zatvoren od marta 2020. godine.<\/p>\n\n\n\n<p class=\"wp-block-paragraph\">Kapacitet \u0107e biti ograni\u010den i posetioci \u0107e se pridr\u017eavati mera fizi\u010dkog distanciranja.<\/p>\n\n\n\n<p class=\"wp-block-paragraph\">\u201eOdu\u0161evljeni smo \u0161to kona\u010dno mo\u017eemo ponovo otvoriti svoja vrata i pozdraviti na\u0161u zajednicu u DuSable muzeju istorije Afroamerikanaca\u201c, rekao je Perri L. Irmer, predsednik i izvr\u0161ni direktor Muzeja.<\/p>\n\n\n\n<p class=\"wp-block-paragraph\">\u201ePonosan sam na na\u0161 vredan tim koji se pobrinuo da Muzej bude siguran i da svako u njemu u\u017eiva. Posedujemo brojne impozantne izlo\u017ebe i programe koji \u0107e posetioci mo\u0107i da do\u017eive, uklju\u010duju\u0107i \u2019The March\u2019. Tako\u0111e, omogu\u0107i \u0107emo besplatan ulaz svima tokom meseca juna 2021. godine, kako bismo iskazali najdublju zahvalnost zajednici u \u010cikagu\u201c, dodao je direktor Muzeja.<\/p>\n\n\n\n<p class=\"wp-block-paragraph\">Radno vreme bi\u0107e od 11 do 16 sati od srede do nedelje, a ulaz \u0107e biti besplatan od 19. juna do kraja meseca za muzej <a href=\"https:\/\/www.dusablemuseum.org\/\" target=\"_blank\" rel=\"noreferrer noopener\">DuSable<\/a>.<\/p>\n\n\n\n<p class=\"wp-block-paragraph\">You can find more information <a href=\"https:\/\/abc7chicago.com\/society\/dusable-museum-to-reopen-on-juneteenth\/10667950\/\" target=\"_blank\" rel=\"noreferrer noopener\">here<\/a>.<\/p>\n\n\n\n<p class=\"wp-block-paragraph\" style=\"font-size:10px\">IZVOR: ABC 7 CHICAGO FOTO: WTTW<\/p>","protected":false},"excerpt":{"rendered":"<p>Muzej DuSable otvori\u0107e svoja vrata u subotu 19. juna, na dan poznat kao Juneteenth. Ovaj praznik poznat je i kao Dan pobede ili Dan emancipacije. Juneteenth je je najstarija poznata proslava povodom zavr\u0161etka ropstva u Sjedinjenim Dr\u017eavama. Muzej DuSable je bio zatvoren od marta 2020. godine. Kapacitet \u0107e biti ograni\u010den i posetioci \u0107e se pridr\u017eavati [&hellip;]<\/p>\n","protected":false},"author":3,"featured_media":0,"comment_status":"","ping_status":"","sticky":false,"template":"","format":"standard","meta":{"footnotes":""},"categories":[368,369],"tags":[61999,30661,61906,48588,62987,18038,15429,62988,62989,43620],"class_list":["post-41799","post","type-post","status-publish","format-standard","hentry","category-vesti-amerika","category-vesti","tag-19-jun","tag-dan-pobede","tag-direktor-muzeja","tag-dusable","tag-istorija-afroamerikanaca","tag-juneteenth","tag-muzej","tag-muzej-dusable","tag-perri-l-irmer","tag-ponovno-otvaranje"],"_links":{"self":[{"href":"https:\/\/chicagodesavanja.us\/en\/wp-json\/wp\/v2\/posts\/41799","targetHints":{"allow":["GET"]}}],"collection":[{"href":"https:\/\/chicagodesavanja.us\/en\/wp-json\/wp\/v2\/posts"}],"about":[{"href":"https:\/\/chicagodesavanja.us\/en\/wp-json\/wp\/v2\/types\/post"}],"author":[{"embeddable":true,"href":"https:\/\/chicagodesavanja.us\/en\/wp-json\/wp\/v2\/users\/3"}],"replies":[{"embeddable":true,"href":"https:\/\/chicagodesavanja.us\/en\/wp-json\/wp\/v2\/comments?post=41799"}],"version-history":[{"count":0,"href":"https:\/\/chicagodesavanja.us\/en\/wp-json\/wp\/v2\/posts\/41799\/revisions"}],"wp:attachment":[{"href":"https:\/\/chicagodesavanja.us\/en\/wp-json\/wp\/v2\/media?parent=41799"}],"wp:term":[{"taxonomy":"category","embeddable":true,"href":"https:\/\/chicagodesavanja.us\/en\/wp-json\/wp\/v2\/categories?post=41799"},{"taxonomy":"post_tag","embeddable":true,"href":"https:\/\/chicagodesavanja.us\/en\/wp-json\/wp\/v2\/tags?post=41799"}],"curies":[{"name":"WP","href":"https:\/\/api.w.org\/{rel}","templated":true}]}}