{"id":41682,"date":"2021-06-03T04:34:00","date_gmt":"2021-06-03T04:34:00","guid":{"rendered":"https:\/\/chicagodesavanja.us\/drzavni-praznik-juneteenth-proslave-i-dogadaji\/"},"modified":"2021-06-03T04:34:00","modified_gmt":"2021-06-03T04:34:00","slug":"drzavni-praznik-juneteenth-proslave-i-dogadaji","status":"publish","type":"post","link":"https:\/\/chicagodesavanja.us\/en\/vesti\/drzavni-praznik-juneteenth-proslave-i-dogadaji\/","title":{"rendered":"Juneteenth 2021: Proslave i doga\u0111aji \u0161irom \u010cikaga"},"content":{"rendered":"<p class=\"wp-block-paragraph\">Dr\u017eavni praznik Juneteenth obele\u017eava se 19. juna i o\u010dekuju se brojni doga\u0111aji i proslave \u0161irom \u010cikaga.<\/p>\n\n\n\n<p class=\"wp-block-paragraph\">Juneteenth se obele\u017eava od 1865. godine, kada su poslednji porobljeni Afroamerikanci u SAD od vojnika Unije u Teksasu saznali da su slobodni. Dan je poznat i kao Dan emancipacije i Dan slobode.<\/p>\n\n\n\n<p class=\"wp-block-paragraph\">Sam proglas o emancipaciji potpisan je u no\u0107i 1. januara 1863. godine, a mnogi vojnici Unije mar\u0161irali su ju\u017enim dr\u017eavama, \u010ditaju\u0107i novu deklaraciju i najavljuju\u0107i slobodu za porobljene, navodi Nacionalni muzej istorije i kulture Afroamerikanaca.<\/p>\n\n\n\n<p class=\"wp-block-paragraph\">Proslave su se nastavile tokom godina \u0161irom SAD, a vi\u0161e ih je bilo usput ove godine u \u010cikagu.<\/p>\n\n\n\n<p class=\"wp-block-paragraph\">Evo nekih doga\u0111aja za koje do sada znamo:<\/p>\n\n\n\n<h5 class=\"wp-block-heading\" id=\"h-juneteenth-west-fest\">Juneteenth West Fest<\/h5>\n\n\n\n<p class=\"wp-block-paragraph\">Trodnevni West Fest, \u201eDan slobode\u201c, do\u0107i \u0107e u park Columus, koji se nalazi na adresi 500 S. Central Ave, od 18. do 20. juna.<\/p>\n\n\n\n<p class=\"wp-block-paragraph\">Doga\u0111aj \u0107e uklju\u010divati zabavu, prodavce i igre, rekli su organizatori. 18. jun bi\u0107e posve\u0107en omladinskom mitingu, dok je 19. juna Dan zdravlja porodice i \u017eena, a 20. juna Dan o\u010deva i njihovih porodica.<\/p>\n\n\n\n<h5 class=\"wp-block-heading\" id=\"h-dr-charles-r-drew-blood-drive\">Dr. Charles R. Drew Blood Drive<\/h5>\n\n\n\n<p class=\"wp-block-paragraph\"><a href=\"https:\/\/juneteenthillinois.com\/events\/dr-charles-r-drew-the-annual-blood-drive\/\" target=\"_blank\" rel=\"noreferrer noopener\">Godi\u0161nja akcija davanja krvi<\/a>, \u010diji je doma\u0107in bratstvo Omega Psi Phi, odr\u017ea\u0107e se 17. juna od 13 do 18 sati. na Malcom X College, koji se nalazi na adresi 1900 V. Jackson Blvd.<\/p>\n\n\n\n<h5 class=\"wp-block-heading\" id=\"h-governor-s-state-university-juneteenth-celebration\">Governor&#8217;s State University Juneteenth Celebration<\/h5>\n\n\n\n<p class=\"wp-block-paragraph\">U parku skulptura Nathan Manilow, sme\u0161tenom u Univerzitetskom parku, Governor&#8217;s State University proslavi\u0107e Juneteeth 19. juna od 13 do 16 sati.<\/p>\n\n\n\n<p class=\"wp-block-paragraph\">Organizatori \u0107e na proslavi na otvorenom u 1 University Dr. predstaviti skulpture koje odra\u017eavaju afroameri\u010dko nasle\u0111e, kao i muzi\u010dke performanse i poeziju.<\/p>\n\n\n\n<p class=\"wp-block-paragraph\">Da se podsetimo, Juneteenth je izabran <a href=\"https:\/\/chicagodesavanja.us\/en\/vesti\/juneteenth-postaje-drzavni-praznik-u-ilinoisu\/\" target=\"_blank\" rel=\"noreferrer noopener\">za dr\u017eavni praznik<\/a> pro\u0161log meseca.<\/p>\n\n\n\n<p class=\"wp-block-paragraph\">You can find more information <a href=\"https:\/\/www.nbcchicago.com\/news\/local\/juneteenth-2021-celebrations-events-happening-this-month-across-chicago\/2523952\/\" target=\"_blank\" rel=\"noreferrer noopener\">here<\/a>.<\/p>\n\n\n\n<p class=\"wp-block-paragraph\" style=\"font-size:10px\">IZVOR: NBC 5 CHICAGO FOTO: UNSPLASH<\/p>","protected":false},"excerpt":{"rendered":"<p>Dr\u017eavni praznik Juneteenth obele\u017eava se 19. juna i o\u010dekuju se brojni doga\u0111aji i proslave \u0161irom \u010cikaga. Juneteenth se obele\u017eava od 1865. godine, kada su poslednji porobljeni Afroamerikanci u SAD od vojnika Unije u Teksasu saznali da su slobodni. Dan je poznat i kao Dan emancipacije i Dan slobode. Sam proglas o emancipaciji potpisan je u [&hellip;]<\/p>\n","protected":false},"author":3,"featured_media":0,"comment_status":"","ping_status":"","sticky":false,"template":"","format":"standard","meta":{"footnotes":""},"categories":[368,369],"tags":[61999,38469,457,370,55854,62548,1317,1318,62549,18038,62550,62551,62552,5498,62553,42091],"class_list":["post-41682","post","type-post","status-publish","format-standard","hentry","category-vesti-amerika","category-vesti","tag-19-jun","tag-afroamerikanci","tag-chicago","tag-cikago","tag-dan-emancipacije","tag-dan-slobode","tag-desavanja","tag-dogadaji","tag-governors-state-university","tag-juneteenth","tag-nathan-manilow","tag-park-columus","tag-park-skupltura","tag-praznik","tag-proslave-sirom-cikaga","tag-west-fest"],"_links":{"self":[{"href":"https:\/\/chicagodesavanja.us\/en\/wp-json\/wp\/v2\/posts\/41682","targetHints":{"allow":["GET"]}}],"collection":[{"href":"https:\/\/chicagodesavanja.us\/en\/wp-json\/wp\/v2\/posts"}],"about":[{"href":"https:\/\/chicagodesavanja.us\/en\/wp-json\/wp\/v2\/types\/post"}],"author":[{"embeddable":true,"href":"https:\/\/chicagodesavanja.us\/en\/wp-json\/wp\/v2\/users\/3"}],"replies":[{"embeddable":true,"href":"https:\/\/chicagodesavanja.us\/en\/wp-json\/wp\/v2\/comments?post=41682"}],"version-history":[{"count":0,"href":"https:\/\/chicagodesavanja.us\/en\/wp-json\/wp\/v2\/posts\/41682\/revisions"}],"wp:attachment":[{"href":"https:\/\/chicagodesavanja.us\/en\/wp-json\/wp\/v2\/media?parent=41682"}],"wp:term":[{"taxonomy":"category","embeddable":true,"href":"https:\/\/chicagodesavanja.us\/en\/wp-json\/wp\/v2\/categories?post=41682"},{"taxonomy":"post_tag","embeddable":true,"href":"https:\/\/chicagodesavanja.us\/en\/wp-json\/wp\/v2\/tags?post=41682"}],"curies":[{"name":"WP","href":"https:\/\/api.w.org\/{rel}","templated":true}]}}