{"id":41662,"date":"2021-06-05T04:00:00","date_gmt":"2021-06-05T04:00:00","guid":{"rendered":"https:\/\/chicagodesavanja.us\/dan-nikole-tesle-praznik-u-ontariju\/"},"modified":"2021-06-05T04:00:00","modified_gmt":"2021-06-05T04:00:00","slug":"dan-nikole-tesle-praznik-u-ontariju","status":"publish","type":"post","link":"https:\/\/chicagodesavanja.us\/en\/vesti\/dan-nikole-tesle-praznik-u-ontariju\/","title":{"rendered":"Dan ro\u0111enja Nikole Tesle postao praznik u Ontariju"},"content":{"rendered":"<p class=\"wp-block-paragraph\">Predstavnica kraljice Elizabete i zamenica kanadskog guvernera za provinciju Ontario Elizabet Doudsvel potpisala je Zakon o progla\u0161enju 10. jula za Dan Nikole Tesle, \u010dime je on stupio na snagu, navodi se u saop\u0161tenju Ministarstva spoljnih poslova Srbije.<\/p>\n\n\n\n<p class=\"wp-block-paragraph\">Kako se dalje stoji u saop\u0161tenju, najzaslu\u017eniji za ovaj izuzetno zna\u010dajan doga\u0111aj je \u010dlan provincijskog Parlamenta Ontarija iz redova Nove demokratske partije Tom Rako\u010devi\u0107, na \u010diju je inicijativu zakon izglasan.<\/p>\n\n\n\n<p class=\"wp-block-paragraph\">U zakonu kojim je ro\u0111endan Nikole Tesle postao praznik u Ontariju eksplicitno se navodi da je Tesla \u201esrpsko-ameri\u010dki pronalaza\u010d i in\u017eenjer\u201c.<\/p>\n\n\n\n<p class=\"wp-block-paragraph\">U zakonu se podse\u0107a da su Teslini patenti bili osnov za gradnju prve svetske hidroelektrane na reci Nijagari, te da su nakon samo 25 godina sva naseljena mesta u Ju\u017enom Ontariju imala pristup elektri\u010dnoj energiji.<\/p>\n\n\n\n<p class=\"wp-block-paragraph\">U saop\u0161tenju se ka\u017ee i da je progla\u0161enje Dana Nikole Tesle u Ontariju je veliki uspeh za srpsku dijasporu u Kanadi, koja je najbrojnija upravo u toj provinciji, jer se na ovaj na\u010din podi\u017ee ugled srpske zajednice na tom prostoru.<\/p>\n\n\n\n<p class=\"wp-block-paragraph\">Generalni konzul Republike Srbije u Torontu Vasilije Petkovi\u0107 zahvalio je poslaniku u ontarijskom Parlamentu Tomu Rako\u010devi\u0107u na inicijativi, kao i provincijskom Parlamentu Ontarija na brzo sprovednom postupku usvajanja predloga Zakona.<\/p>\n\n\n\n<p class=\"wp-block-paragraph\">Generalni konzulat Republike Srbije u Torontu je svojim aktivnostima pomogao u realizaciji projekta progla\u0161enja Dana Nikole Tesle na nivou Ontarija.<\/p>\n\n\n\n<p class=\"wp-block-paragraph\">Nikola Tesla ro\u0111en je u delu tada\u0161njeg Austrijskog carstva, dana\u0161nje Hrvatske, u selu Smiljan, u srpskoj porodici 10. jula 1856. godine.<\/p>\n\n\n\n<p class=\"wp-block-paragraph\">Emigrirao je u SAD 1884. godine i postao poznati in\u017eenjer u projektovanju modernog sistema naizmeni\u010dne struje i napajanja elektri\u010dnom energijom.<\/p>\n\n\n\n<p class=\"wp-block-paragraph\">Preminuo je u Njujorku u januaru 1943. godine.<\/p>\n\n\n\n<p class=\"wp-block-paragraph\" style=\"font-size:10px\">SOURCE: <a href=\"https:\/\/rs.n1info.com\/scitech\/dan-rodjenja-nikole-tesle-postao-praznik-u-ontariju\/\" target=\"_blank\" rel=\"noreferrer noopener\">N1<\/a> PHOTO: UNSPLASH<\/p>","protected":false},"excerpt":{"rendered":"<p>Predstavnica kraljice Elizabete i zamenica kanadskog guvernera za provinciju Ontario Elizabet Doudsvel potpisala je Zakon o progla\u0161enju 10. jula za Dan Nikole Tesle, \u010dime je on stupio na snagu, navodi se u saop\u0161tenju Ministarstva spoljnih poslova Srbije. Kako se dalje stoji u saop\u0161tenju, najzaslu\u017eniji za ovaj izuzetno zna\u010dajan doga\u0111aj je \u010dlan provincijskog Parlamenta Ontarija iz [&hellip;]<\/p>\n","protected":false},"author":3,"featured_media":0,"comment_status":"","ping_status":"","sticky":false,"template":"","format":"standard","meta":{"footnotes":""},"categories":[431,369],"tags":[61340,3253,12615,19546,5498,62464,609,61344,62465],"class_list":["post-41662","post","type-post","status-publish","format-standard","hentry","category-svet","category-vesti","tag-dan-nikole-tesle","tag-kanada","tag-nikola-tesla","tag-ontario","tag-praznik","tag-proglasenje-praznika","tag-srpska-dijaspora","tag-tom-rakocevic-2","tag-vasilije-petkovic"],"_links":{"self":[{"href":"https:\/\/chicagodesavanja.us\/en\/wp-json\/wp\/v2\/posts\/41662","targetHints":{"allow":["GET"]}}],"collection":[{"href":"https:\/\/chicagodesavanja.us\/en\/wp-json\/wp\/v2\/posts"}],"about":[{"href":"https:\/\/chicagodesavanja.us\/en\/wp-json\/wp\/v2\/types\/post"}],"author":[{"embeddable":true,"href":"https:\/\/chicagodesavanja.us\/en\/wp-json\/wp\/v2\/users\/3"}],"replies":[{"embeddable":true,"href":"https:\/\/chicagodesavanja.us\/en\/wp-json\/wp\/v2\/comments?post=41662"}],"version-history":[{"count":0,"href":"https:\/\/chicagodesavanja.us\/en\/wp-json\/wp\/v2\/posts\/41662\/revisions"}],"wp:attachment":[{"href":"https:\/\/chicagodesavanja.us\/en\/wp-json\/wp\/v2\/media?parent=41662"}],"wp:term":[{"taxonomy":"category","embeddable":true,"href":"https:\/\/chicagodesavanja.us\/en\/wp-json\/wp\/v2\/categories?post=41662"},{"taxonomy":"post_tag","embeddable":true,"href":"https:\/\/chicagodesavanja.us\/en\/wp-json\/wp\/v2\/tags?post=41662"}],"curies":[{"name":"WP","href":"https:\/\/api.w.org\/{rel}","templated":true}]}}