{"id":41647,"date":"2021-06-07T04:15:00","date_gmt":"2021-06-07T04:15:00","guid":{"rendered":"https:\/\/chicagodesavanja.us\/iako-proteran-sa-svih-drustvenih-mreza-tramp-tvrdi-da-se-ubrzo-vraca\/"},"modified":"2021-06-07T04:15:00","modified_gmt":"2021-06-07T04:15:00","slug":"iako-proteran-sa-svih-drustvenih-mreza-tramp-tvrdi-da-se-ubrzo-vraca","status":"publish","type":"post","link":"https:\/\/chicagodesavanja.us\/en\/vesti\/iako-proteran-sa-svih-drustvenih-mreza-tramp-tvrdi-da-se-ubrzo-vraca\/","title":{"rendered":"Tramp: Vrati\u0107emo Belu ku\u0107u, ranije nego \u0161to mislite!"},"content":{"rendered":"<p class=\"wp-block-paragraph\"><a href=\"https:\/\/chicagodesavanja.us\/en\/vesti\/fejsbuk-odredio-kaznu-trampu-suspenzija-na-dve-godine-pa-evaluacija\/\" target=\"_blank\" rel=\"noreferrer noopener\">Iako &#8222;proteran&#8220; sa skoro svih dru\u0161tvenih mre\u017ea <\/a>i platformi za ogla\u0161avanje, biv\u0161i ameri\u010dki predsednik Donald Tramp ne odustaje, ve\u0107 se u novom snimku obratio pristalicama.<\/p>\n\n\n\n<p class=\"wp-block-paragraph\">&#8222;\u017delim da zahvalim svima na ogromnoj podr\u0161ci koju ste pokazali, vrati\u0107emo Senat, vrati\u0107emo Predstavni\u010dki dom, vrati\u0107emo Belu ku\u0107u. Ranije nego \u0161to mislite, to \u0107e zaista biti ne\u0161to posebno&#8220;, naveo je Tramp.<\/p>\n\n\n\n<p class=\"wp-block-paragraph\">Snimak Trampove izjave je objavljen na Jutub kanalu Nacionalnog republikanskog senatorskog komiteta, koji prikuplja sredstva, a donatorima je poslat u subotu.&nbsp;Biv\u0161i ameri\u010dki predsednik Donald Tramp&nbsp;apelovao je na \u010dlanove njegove Republikanske stranke da na narednim izborima za Kongres SAD podr\u017ee kandidate lojalne njemu.<\/p>\n\n\n\n<p class=\"wp-block-paragraph\">Na konvenciji republikanaca u saveznoj dr\u017eavi Severna Karolina, Tramp (74) je nagovestio da ulazi u aktivniju fazu u periodu posle predsedni\u010dkog mandata.<\/p>\n\n\n\n<p class=\"wp-block-paragraph\">On je najavio, iako proteran sa svih dru\u0161tvenih mre\u017ea, da \u0107e biti aktivno uklju\u010den u kampanju kandidata &#8222;koji dele njegove vrednosti&#8220; uo\u010di izbora za Kongres SAD u novembru 2022. godine.<\/p>\n\n\n\n<p class=\"wp-block-paragraph\">&#8222;Opstanak Amerike zavisi od na\u0161e sposobnosti da izaberemo republikance na svakom nivou, po\u010dev od novembarskih izbora naredne godine&#8220;, kazao je Tramp.<\/p>\n\n\n\n<p class=\"wp-block-paragraph\">Tokom gotovo 90-minutnog obra\u0107anja stotinama republikanskih zvani\u010dnika i aktivista, Tramp je rekao da &#8222;ne mogu da izaberu ljude koji su ve\u0107 dva puta izgubili izbore i koji ne podr\u017eavaju njihove vrednosti&#8220;.<\/p>\n\n\n\n<p class=\"wp-block-paragraph\">Neki lideri republikanaca strahuju da bi ja\u010danje kandidata naklonjenih Trampu moglo da ugrozi borbu stranke za kontrolu nad Kongresom na izborima 2022. godine.<\/p>\n\n\n\n<p class=\"wp-block-paragraph\">Tramp je i dalje dominantna snaga unutar stranke, ali je izrazito nepopularan me\u0111u odre\u0111enim kategorijama bira\u010da.<\/p>\n\n\n\n<p class=\"wp-block-paragraph\">Na predsedni\u010dkim izborima u novembru 2020. godine, Tramp je osvojio sedam miliona glasova manje od kandidata demokrata D\u017eozefa Bajdena.<\/p>\n\n\n\n<p class=\"wp-block-paragraph\" style=\"font-size:10px\">SOURCE: <a href=\"https:\/\/www.kurir.rs\/planeta\/3703893\/tramp-kuje-velike-planove-vraticemo-belu-kucu-ranije-nego-sto-mislite-hvala-svima-na-podrsci-video\" target=\"_blank\" rel=\"noreferrer noopener\">Courier<\/a> Photo: UNSPLASH<\/p>","protected":false},"excerpt":{"rendered":"<p>Iako &#8222;proteran&#8220; sa skoro svih dru\u0161tvenih mre\u017ea i platformi za ogla\u0161avanje, biv\u0161i ameri\u010dki predsednik Donald Tramp ne odustaje, ve\u0107 se u novom snimku obratio pristalicama. &#8222;\u017delim da zahvalim svima na ogromnoj podr\u0161ci koju ste pokazali, vrati\u0107emo Senat, vrati\u0107emo Predstavni\u010dki dom, vrati\u0107emo Belu ku\u0107u. Ranije nego \u0161to mislite, to \u0107e zaista biti ne\u0161to posebno&#8220;, naveo je [&hellip;]<\/p>\n","protected":false},"author":3,"featured_media":0,"comment_status":"","ping_status":"","sticky":false,"template":"","format":"standard","meta":{"wpai_generated_summary":"","footnotes":""},"categories":[368,369],"tags":[2880,42057,404,62421,12194,407,4214,517,49172],"class_list":["post-41647","post","type-post","status-publish","format-standard","hentry","category-vesti-amerika","category-vesti","tag-bela-kuca","tag-bivsi-predsednik-2","tag-donald-trump","tag-izbori-za-kongres","tag-kampanja","tag-predsednicki-izbori-2","tag-predstavnicki-dom-2","tag-republikanci","tag-stranka"],"_links":{"self":[{"href":"https:\/\/chicagodesavanja.us\/en\/wp-json\/wp\/v2\/posts\/41647","targetHints":{"allow":["GET"]}}],"collection":[{"href":"https:\/\/chicagodesavanja.us\/en\/wp-json\/wp\/v2\/posts"}],"about":[{"href":"https:\/\/chicagodesavanja.us\/en\/wp-json\/wp\/v2\/types\/post"}],"author":[{"embeddable":true,"href":"https:\/\/chicagodesavanja.us\/en\/wp-json\/wp\/v2\/users\/3"}],"replies":[{"embeddable":true,"href":"https:\/\/chicagodesavanja.us\/en\/wp-json\/wp\/v2\/comments?post=41647"}],"version-history":[{"count":0,"href":"https:\/\/chicagodesavanja.us\/en\/wp-json\/wp\/v2\/posts\/41647\/revisions"}],"wp:attachment":[{"href":"https:\/\/chicagodesavanja.us\/en\/wp-json\/wp\/v2\/media?parent=41647"}],"wp:term":[{"taxonomy":"category","embeddable":true,"href":"https:\/\/chicagodesavanja.us\/en\/wp-json\/wp\/v2\/categories?post=41647"},{"taxonomy":"post_tag","embeddable":true,"href":"https:\/\/chicagodesavanja.us\/en\/wp-json\/wp\/v2\/tags?post=41647"}],"curies":[{"name":"WP","href":"https:\/\/api.w.org\/{rel}","templated":true}]}}